{"id":15155,"date":"2025-10-20T10:01:38","date_gmt":"2025-10-20T13:01:38","guid":{"rendered":"https:\/\/elconquistadorredloslagos.cl\/test\/?p=15155"},"modified":"2025-10-20T10:01:39","modified_gmt":"2025-10-20T13:01:39","slug":"explosion-de-calefont-en-puerto-montt-deja-tres-heridos-entre-ellos-dos-menores","status":"publish","type":"post","link":"https:\/\/elconquistadorredloslagos.cl\/test\/blog\/2025\/10\/20\/explosion-de-calefont-en-puerto-montt-deja-tres-heridos-entre-ellos-dos-menores\/","title":{"rendered":"Explosi\u00f3n de calefont en Puerto Montt deja tres heridos, entre ellos dos menores"},"content":{"rendered":"\n<p>Tres personas resultaron con quemaduras tras la explosi\u00f3n de un calefont al interior de una vivienda de dos pisos en la poblaci\u00f3n Portal Puerto Montt, en la regi\u00f3n de Los Lagos. Entre los afectados se encuentran dos menores de edad y un adulto, quienes fueron atendidos por personal del Servicio de Atenci\u00f3n M\u00e9dico de Urgencia (SAMU).<\/p>\n\n\n\n<p>El incidente se registr\u00f3 durante la jornada del s\u00e1bado y moviliz\u00f3 a voluntarios de la Cuarta Compa\u00f1\u00eda de Bomberos, adem\u00e1s de Carabineros. Seg\u00fan inform\u00f3 el teniente segundo C\u00e9sar Mancilla, la emergencia se concentr\u00f3 en el sector de la cocina del inmueble, donde se habr\u00eda producido la detonaci\u00f3n.<\/p>\n\n\n\n<p>Las v\u00edctimas presentaban quemaduras de distinta consideraci\u00f3n y fueron trasladadas a un centro asistencial para su evaluaci\u00f3n. Bomberos qued\u00f3 a cargo de la investigaci\u00f3n para determinar las causas exactas de la explosi\u00f3n.<\/p>\n\n\n\n<p>Desde la instituci\u00f3n reiteraron el llamado a realizar revisiones peri\u00f3dicas a calefonts, cocinas y estufas, as\u00ed como a contratar siempre personal calificado para efectuar mantenciones y evitar este tipo de emergencias.<\/p>\n\n\n\n<p>\ud83d\udcf7 Referencial<\/p>\n","protected":false},"excerpt":{"rendered":"<p>Tres personas resultaron con quemaduras tras la explosi\u00f3n de un calefont al interior de una vivienda de dos pisos en la poblaci\u00f3n Portal Puerto Montt, en la regi\u00f3n de Los..<\/p>\n","protected":false},"author":2,"featured_media":15156,"comment_status":"closed","ping_status":"open","sticky":false,"template":"","format":"standard","meta":{"footnotes":""},"categories":[1,28,56],"tags":[],"class_list":["post-15155","post","type-post","status-publish","format-standard","has-post-thumbnail","hentry","category-acontecer","category-actual","category-puerto-montt"],"rttpg_featured_image_url":{"full":["https:\/\/elconquistadorredloslagos.cl\/test\/wp-content\/uploads\/2025\/10\/img-56.jpg",1920,1080,false],"landscape":["https:\/\/elconquistadorredloslagos.cl\/test\/wp-content\/uploads\/2025\/10\/img-56.jpg",1920,1080,false],"portraits":["https:\/\/elconquistadorredloslagos.cl\/test\/wp-content\/uploads\/2025\/10\/img-56.jpg",1920,1080,false],"thumbnail":["https:\/\/elconquistadorredloslagos.cl\/test\/wp-content\/uploads\/2025\/10\/img-56-150x150.jpg",150,150,true],"medium":["https:\/\/elconquistadorredloslagos.cl\/test\/wp-content\/uploads\/2025\/10\/img-56-300x169.jpg",300,169,true],"large":["https:\/\/elconquistadorredloslagos.cl\/test\/wp-content\/uploads\/2025\/10\/img-56-1024x576.jpg",1024,576,true],"1536x1536":["https:\/\/elconquistadorredloslagos.cl\/test\/wp-content\/uploads\/2025\/10\/img-56-1536x864.jpg",1536,864,true],"2048x2048":["https:\/\/elconquistadorredloslagos.cl\/test\/wp-content\/uploads\/2025\/10\/img-56.jpg",1920,1080,false]},"rttpg_author":{"display_name":"ccardenas","author_link":"https:\/\/elconquistadorredloslagos.cl\/test\/blog\/author\/ccardenas\/"},"rttpg_comment":0,"rttpg_category":"<a href=\"https:\/\/elconquistadorredloslagos.cl\/test\/blog\/category\/actual\/acontecer\/\" rel=\"category tag\">Acontecer<\/a> <a href=\"https:\/\/elconquistadorredloslagos.cl\/test\/blog\/category\/actual\/\" rel=\"category tag\">Actualidad<\/a> <a href=\"https:\/\/elconquistadorredloslagos.cl\/test\/blog\/category\/chile\/puerto-montt\/\" rel=\"category tag\">Puerto Montt<\/a>","rttpg_excerpt":"Tres personas resultaron con quemaduras tras la explosi\u00f3n de un calefont al interior de una vivienda de dos pisos en la poblaci\u00f3n Portal Puerto Montt, en la regi\u00f3n de Los..","_links":{"self":[{"href":"https:\/\/elconquistadorredloslagos.cl\/test\/wp-json\/wp\/v2\/posts\/15155","targetHints":{"allow":["GET"]}}],"collection":[{"href":"https:\/\/elconquistadorredloslagos.cl\/test\/wp-json\/wp\/v2\/posts"}],"about":[{"href":"https:\/\/elconquistadorredloslagos.cl\/test\/wp-json\/wp\/v2\/types\/post"}],"author":[{"embeddable":true,"href":"https:\/\/elconquistadorredloslagos.cl\/test\/wp-json\/wp\/v2\/users\/2"}],"replies":[{"embeddable":true,"href":"https:\/\/elconquistadorredloslagos.cl\/test\/wp-json\/wp\/v2\/comments?post=15155"}],"version-history":[{"count":1,"href":"https:\/\/elconquistadorredloslagos.cl\/test\/wp-json\/wp\/v2\/posts\/15155\/revisions"}],"predecessor-version":[{"id":15157,"href":"https:\/\/elconquistadorredloslagos.cl\/test\/wp-json\/wp\/v2\/posts\/15155\/revisions\/15157"}],"wp:featuredmedia":[{"embeddable":true,"href":"https:\/\/elconquistadorredloslagos.cl\/test\/wp-json\/wp\/v2\/media\/15156"}],"wp:attachment":[{"href":"https:\/\/elconquistadorredloslagos.cl\/test\/wp-json\/wp\/v2\/media?parent=15155"}],"wp:term":[{"taxonomy":"category","embeddable":true,"href":"https:\/\/elconquistadorredloslagos.cl\/test\/wp-json\/wp\/v2\/categories?post=15155"},{"taxonomy":"post_tag","embeddable":true,"href":"https:\/\/elconquistadorredloslagos.cl\/test\/wp-json\/wp\/v2\/tags?post=15155"}],"curies":[{"name":"wp","href":"https:\/\/api.w.org\/{rel}","templated":true}]}}