{"id":15152,"date":"2025-10-20T09:59:05","date_gmt":"2025-10-20T12:59:05","guid":{"rendered":"https:\/\/elconquistadorredloslagos.cl\/test\/?p=15152"},"modified":"2025-10-20T09:59:06","modified_gmt":"2025-10-20T12:59:06","slug":"incendio-en-sala-de-maquinas-obliga-a-evacuar-a-trabajadores-de-centro-de-cultivos-en-puerto-montt","status":"publish","type":"post","link":"https:\/\/elconquistadorredloslagos.cl\/test\/blog\/2025\/10\/20\/incendio-en-sala-de-maquinas-obliga-a-evacuar-a-trabajadores-de-centro-de-cultivos-en-puerto-montt\/","title":{"rendered":"Incendio en sala de m\u00e1quinas obliga a evacuar a trabajadores de centro de cultivos en Puerto Montt"},"content":{"rendered":"\n<p>Un incendio registrado la ma\u00f1ana de este lunes en un centro de cultivos del sector Chaicas, en Puerto Montt, oblig\u00f3 a evacuar a todos los trabajadores que se encontraban en el lugar. La emergencia se origin\u00f3 en la sala de m\u00e1quinas del recinto, ubicado en el primer tramo de la Carretera Austral, y moviliz\u00f3 a equipos de Bomberos y personal mar\u00edtimo.<\/p>\n\n\n\n<p>Debido a la ubicaci\u00f3n del centro, los veh\u00edculos de emergencia debieron llegar hasta la Capitan\u00eda de Puerto en Angelm\u00f3, desde donde los voluntarios fueron trasladados por v\u00eda mar\u00edtima hasta el sitio del siniestro. La maniobra demand\u00f3 una r\u00e1pida coordinaci\u00f3n entre Bomberos, la Armada y la empresa salmonera para facilitar el acceso y el combate del fuego.<\/p>\n\n\n\n<p>De acuerdo con informaci\u00f3n preliminar, los trabajadores lograron abandonar las instalaciones sin sufrir lesiones, manteni\u00e9ndose todos fuera de peligro. Por ahora, se investigan las causas del incendio y los posibles da\u00f1os en la infraestructura del centro de cultivos.<\/p>\n\n\n\n<p>\ud83d\udcf7 Referencial<\/p>\n","protected":false},"excerpt":{"rendered":"<p>Un incendio registrado la ma\u00f1ana de este lunes en un centro de cultivos del sector Chaicas, en Puerto Montt, oblig\u00f3 a evacuar a todos los trabajadores que se encontraban en..<\/p>\n","protected":false},"author":2,"featured_media":15153,"comment_status":"closed","ping_status":"open","sticky":false,"template":"","format":"standard","meta":{"footnotes":""},"categories":[1,28,56],"tags":[],"class_list":["post-15152","post","type-post","status-publish","format-standard","has-post-thumbnail","hentry","category-acontecer","category-actual","category-puerto-montt"],"rttpg_featured_image_url":{"full":["https:\/\/elconquistadorredloslagos.cl\/test\/wp-content\/uploads\/2025\/10\/img-55.jpg",1920,1080,false],"landscape":["https:\/\/elconquistadorredloslagos.cl\/test\/wp-content\/uploads\/2025\/10\/img-55.jpg",1920,1080,false],"portraits":["https:\/\/elconquistadorredloslagos.cl\/test\/wp-content\/uploads\/2025\/10\/img-55.jpg",1920,1080,false],"thumbnail":["https:\/\/elconquistadorredloslagos.cl\/test\/wp-content\/uploads\/2025\/10\/img-55-150x150.jpg",150,150,true],"medium":["https:\/\/elconquistadorredloslagos.cl\/test\/wp-content\/uploads\/2025\/10\/img-55-300x169.jpg",300,169,true],"large":["https:\/\/elconquistadorredloslagos.cl\/test\/wp-content\/uploads\/2025\/10\/img-55-1024x576.jpg",1024,576,true],"1536x1536":["https:\/\/elconquistadorredloslagos.cl\/test\/wp-content\/uploads\/2025\/10\/img-55-1536x864.jpg",1536,864,true],"2048x2048":["https:\/\/elconquistadorredloslagos.cl\/test\/wp-content\/uploads\/2025\/10\/img-55.jpg",1920,1080,false]},"rttpg_author":{"display_name":"ccardenas","author_link":"https:\/\/elconquistadorredloslagos.cl\/test\/blog\/author\/ccardenas\/"},"rttpg_comment":0,"rttpg_category":"<a href=\"https:\/\/elconquistadorredloslagos.cl\/test\/blog\/category\/actual\/acontecer\/\" rel=\"category tag\">Acontecer<\/a> <a href=\"https:\/\/elconquistadorredloslagos.cl\/test\/blog\/category\/actual\/\" rel=\"category tag\">Actualidad<\/a> <a href=\"https:\/\/elconquistadorredloslagos.cl\/test\/blog\/category\/chile\/puerto-montt\/\" rel=\"category tag\">Puerto Montt<\/a>","rttpg_excerpt":"Un incendio registrado la ma\u00f1ana de este lunes en un centro de cultivos del sector Chaicas, en Puerto Montt, oblig\u00f3 a evacuar a todos los trabajadores que se encontraban en..","_links":{"self":[{"href":"https:\/\/elconquistadorredloslagos.cl\/test\/wp-json\/wp\/v2\/posts\/15152","targetHints":{"allow":["GET"]}}],"collection":[{"href":"https:\/\/elconquistadorredloslagos.cl\/test\/wp-json\/wp\/v2\/posts"}],"about":[{"href":"https:\/\/elconquistadorredloslagos.cl\/test\/wp-json\/wp\/v2\/types\/post"}],"author":[{"embeddable":true,"href":"https:\/\/elconquistadorredloslagos.cl\/test\/wp-json\/wp\/v2\/users\/2"}],"replies":[{"embeddable":true,"href":"https:\/\/elconquistadorredloslagos.cl\/test\/wp-json\/wp\/v2\/comments?post=15152"}],"version-history":[{"count":1,"href":"https:\/\/elconquistadorredloslagos.cl\/test\/wp-json\/wp\/v2\/posts\/15152\/revisions"}],"predecessor-version":[{"id":15154,"href":"https:\/\/elconquistadorredloslagos.cl\/test\/wp-json\/wp\/v2\/posts\/15152\/revisions\/15154"}],"wp:featuredmedia":[{"embeddable":true,"href":"https:\/\/elconquistadorredloslagos.cl\/test\/wp-json\/wp\/v2\/media\/15153"}],"wp:attachment":[{"href":"https:\/\/elconquistadorredloslagos.cl\/test\/wp-json\/wp\/v2\/media?parent=15152"}],"wp:term":[{"taxonomy":"category","embeddable":true,"href":"https:\/\/elconquistadorredloslagos.cl\/test\/wp-json\/wp\/v2\/categories?post=15152"},{"taxonomy":"post_tag","embeddable":true,"href":"https:\/\/elconquistadorredloslagos.cl\/test\/wp-json\/wp\/v2\/tags?post=15152"}],"curies":[{"name":"wp","href":"https:\/\/api.w.org\/{rel}","templated":true}]}}