{"id":15143,"date":"2025-10-20T09:44:50","date_gmt":"2025-10-20T12:44:50","guid":{"rendered":"https:\/\/elconquistadorredloslagos.cl\/test\/?p=15143"},"modified":"2025-10-20T09:44:51","modified_gmt":"2025-10-20T12:44:51","slug":"nuevo-centro-de-especialidades-medicas-almenis-abre-sus-puertas-en-castro","status":"publish","type":"post","link":"https:\/\/elconquistadorredloslagos.cl\/test\/blog\/2025\/10\/20\/nuevo-centro-de-especialidades-medicas-almenis-abre-sus-puertas-en-castro\/","title":{"rendered":"Nuevo Centro de Especialidades M\u00e9dicas Almenis abre sus puertas en Castro"},"content":{"rendered":"\n<p>Hace unos d\u00edas, Castro fue escenario de una jornada llena de emoci\u00f3n y esperanza con la inauguraci\u00f3n del Centro de Especialidades M\u00e9dicas Almenis, un proyecto que marca un antes y un despu\u00e9s en la atenci\u00f3n de salud del Archipi\u00e9lago.<\/p>\n\n\n\n<p>Ubicado en calle Esmeralda 284, este moderno recinto nace con la misi\u00f3n de acercar la atenci\u00f3n m\u00e9dica especializada a las familias de Chilo\u00e9, ofreciendo diagn\u00f3sticos y tratamientos de alta calidad en \u00e1reas clave como fonoaudiolog\u00eda, terapia ocupacional, audiolog\u00eda y oftalmolog\u00eda.<\/p>\n\n\n\n<p>Durante la ceremonia de apertura, Waleska Andrade, fundadora de Almenis, comparti\u00f3 la visi\u00f3n que inspira este proyecto:<\/p>\n\n\n\n<p>\u201cQueremos que cada paciente se sienta en casa, bien atendido y escuchado. Esa es la idea de este centro m\u00e9dico\u201d, se\u00f1al\u00f3 emocionada.<\/p>\n\n\n\n<p>Por su parte, el doctor Benjam\u00edn Palma, otorrinolaring\u00f3logo del equipo, destac\u00f3 la tecnolog\u00eda de punta y el equipamiento especializado con que cuenta el centro, dise\u00f1ado para ofrecer una atenci\u00f3n precisa, humana y con los m\u00e1s altos est\u00e1ndares cl\u00ednicos.<\/p>\n\n\n\n<p>M\u00e1s que una nueva infraestructura, Almenis representa un aporte significativo para la salud y el bienestar de la comunidad isle\u00f1a, al consolidarse como un espacio que une profesionalismo, innovaci\u00f3n y cercan\u00eda.<\/p>\n\n\n\n<p>Con un equipo multidisciplinario comprometido con el desarrollo local, este centro busca brindar atenci\u00f3n de excelencia sin necesidad de salir de Chilo\u00e9, fortaleciendo el acceso a servicios m\u00e9dicos especializados en el coraz\u00f3n del Archipi\u00e9lago.<\/p>\n\n\n\n<figure class=\"wp-block-gallery has-nested-images columns-default is-cropped wp-block-gallery-1 is-layout-flex wp-block-gallery-is-layout-flex\">\n<figure class=\"wp-block-image size-large\"><img loading=\"lazy\" decoding=\"async\" width=\"824\" height=\"1024\" data-id=\"15146\" src=\"https:\/\/elconquistadorredloslagos.cl\/test\/wp-content\/uploads\/2025\/10\/WhatsApp-Image-2025-10-20-at-08.54.22-4-824x1024.jpeg\" alt=\"\" class=\"wp-image-15146\" \/><\/figure>\n\n\n\n<figure class=\"wp-block-image size-large\"><img loading=\"lazy\" decoding=\"async\" width=\"720\" height=\"897\" data-id=\"15148\" src=\"https:\/\/elconquistadorredloslagos.cl\/test\/wp-content\/uploads\/2025\/10\/WhatsApp-Image-2025-10-20-at-08.54.22-3.jpeg\" alt=\"\" class=\"wp-image-15148\" \/><\/figure>\n\n\n\n<figure class=\"wp-block-image size-large\"><img loading=\"lazy\" decoding=\"async\" width=\"720\" height=\"897\" data-id=\"15147\" src=\"https:\/\/elconquistadorredloslagos.cl\/test\/wp-content\/uploads\/2025\/10\/WhatsApp-Image-2025-10-20-at-08.54.22-2.jpeg\" alt=\"\" class=\"wp-image-15147\" \/><\/figure>\n\n\n\n<figure class=\"wp-block-image size-large\"><img loading=\"lazy\" decoding=\"async\" width=\"1024\" height=\"768\" data-id=\"15149\" src=\"https:\/\/elconquistadorredloslagos.cl\/test\/wp-content\/uploads\/2025\/10\/WhatsApp-Image-2025-10-20-at-08.54.22-1-1024x768.jpeg\" alt=\"\" class=\"wp-image-15149\" \/><\/figure>\n\n\n\n<figure class=\"wp-block-image size-large\"><img loading=\"lazy\" decoding=\"async\" width=\"1024\" height=\"682\" data-id=\"15150\" src=\"https:\/\/elconquistadorredloslagos.cl\/test\/wp-content\/uploads\/2025\/10\/WhatsApp-Image-2025-10-20-at-08.54.22-5-1024x682.jpeg\" alt=\"\" class=\"wp-image-15150\" \/><\/figure>\n<\/figure>\n","protected":false},"excerpt":{"rendered":"<p>Hace unos d\u00edas, Castro fue escenario de una jornada llena de emoci\u00f3n y esperanza con la inauguraci\u00f3n del Centro de Especialidades M\u00e9dicas Almenis, un proyecto que marca un antes y..<\/p>\n","protected":false},"author":2,"featured_media":15144,"comment_status":"closed","ping_status":"open","sticky":false,"template":"","format":"standard","meta":{"footnotes":""},"categories":[1,28,51],"tags":[],"class_list":["post-15143","post","type-post","status-publish","format-standard","has-post-thumbnail","hentry","category-acontecer","category-actual","category-chiloe"],"rttpg_featured_image_url":{"full":["https:\/\/elconquistadorredloslagos.cl\/test\/wp-content\/uploads\/2025\/10\/img-54.jpg",1920,1080,false],"landscape":["https:\/\/elconquistadorredloslagos.cl\/test\/wp-content\/uploads\/2025\/10\/img-54.jpg",1920,1080,false],"portraits":["https:\/\/elconquistadorredloslagos.cl\/test\/wp-content\/uploads\/2025\/10\/img-54.jpg",1920,1080,false],"thumbnail":["https:\/\/elconquistadorredloslagos.cl\/test\/wp-content\/uploads\/2025\/10\/img-54-150x150.jpg",150,150,true],"medium":["https:\/\/elconquistadorredloslagos.cl\/test\/wp-content\/uploads\/2025\/10\/img-54-300x169.jpg",300,169,true],"large":["https:\/\/elconquistadorredloslagos.cl\/test\/wp-content\/uploads\/2025\/10\/img-54-1024x576.jpg",1024,576,true],"1536x1536":["https:\/\/elconquistadorredloslagos.cl\/test\/wp-content\/uploads\/2025\/10\/img-54-1536x864.jpg",1536,864,true],"2048x2048":["https:\/\/elconquistadorredloslagos.cl\/test\/wp-content\/uploads\/2025\/10\/img-54.jpg",1920,1080,false]},"rttpg_author":{"display_name":"ccardenas","author_link":"https:\/\/elconquistadorredloslagos.cl\/test\/blog\/author\/ccardenas\/"},"rttpg_comment":0,"rttpg_category":"<a href=\"https:\/\/elconquistadorredloslagos.cl\/test\/blog\/category\/actual\/acontecer\/\" rel=\"category tag\">Acontecer<\/a> <a href=\"https:\/\/elconquistadorredloslagos.cl\/test\/blog\/category\/actual\/\" rel=\"category tag\">Actualidad<\/a> <a href=\"https:\/\/elconquistadorredloslagos.cl\/test\/blog\/category\/chile\/chiloe\/\" rel=\"category tag\">Chilo\u00e9<\/a>","rttpg_excerpt":"Hace unos d\u00edas, Castro fue escenario de una jornada llena de emoci\u00f3n y esperanza con la inauguraci\u00f3n del Centro de Especialidades M\u00e9dicas Almenis, un proyecto que marca un antes y..","_links":{"self":[{"href":"https:\/\/elconquistadorredloslagos.cl\/test\/wp-json\/wp\/v2\/posts\/15143","targetHints":{"allow":["GET"]}}],"collection":[{"href":"https:\/\/elconquistadorredloslagos.cl\/test\/wp-json\/wp\/v2\/posts"}],"about":[{"href":"https:\/\/elconquistadorredloslagos.cl\/test\/wp-json\/wp\/v2\/types\/post"}],"author":[{"embeddable":true,"href":"https:\/\/elconquistadorredloslagos.cl\/test\/wp-json\/wp\/v2\/users\/2"}],"replies":[{"embeddable":true,"href":"https:\/\/elconquistadorredloslagos.cl\/test\/wp-json\/wp\/v2\/comments?post=15143"}],"version-history":[{"count":1,"href":"https:\/\/elconquistadorredloslagos.cl\/test\/wp-json\/wp\/v2\/posts\/15143\/revisions"}],"predecessor-version":[{"id":15151,"href":"https:\/\/elconquistadorredloslagos.cl\/test\/wp-json\/wp\/v2\/posts\/15143\/revisions\/15151"}],"wp:featuredmedia":[{"embeddable":true,"href":"https:\/\/elconquistadorredloslagos.cl\/test\/wp-json\/wp\/v2\/media\/15144"}],"wp:attachment":[{"href":"https:\/\/elconquistadorredloslagos.cl\/test\/wp-json\/wp\/v2\/media?parent=15143"}],"wp:term":[{"taxonomy":"category","embeddable":true,"href":"https:\/\/elconquistadorredloslagos.cl\/test\/wp-json\/wp\/v2\/categories?post=15143"},{"taxonomy":"post_tag","embeddable":true,"href":"https:\/\/elconquistadorredloslagos.cl\/test\/wp-json\/wp\/v2\/tags?post=15143"}],"curies":[{"name":"wp","href":"https:\/\/api.w.org\/{rel}","templated":true}]}}