{"id":15130,"date":"2025-10-17T14:05:01","date_gmt":"2025-10-17T17:05:01","guid":{"rendered":"https:\/\/elconquistadorredloslagos.cl\/test\/?p=15130"},"modified":"2025-10-17T14:05:02","modified_gmt":"2025-10-17T17:05:02","slug":"hombre-esta-en-riesgo-vital-tras-violento-ataque-armado-en-osorno","status":"publish","type":"post","link":"https:\/\/elconquistadorredloslagos.cl\/test\/blog\/2025\/10\/17\/hombre-esta-en-riesgo-vital-tras-violento-ataque-armado-en-osorno\/","title":{"rendered":"Hombre est\u00e1 en riesgo vital tras violento ataque armado en Osorno"},"content":{"rendered":"\n<p>Un hombre de unos 30 a\u00f1os permanece en riesgo vital tras recibir un disparo en la cabeza durante la madrugada de este jueves en Osorno. El ataque ocurri\u00f3 al interior de una vivienda ubicada en calle Caleta Milagro, en el sector Portal Osorno, donde desconocidos irrumpieron armados y abrieron fuego contra la v\u00edctima, identificada con las iniciales R.A.B.B.<\/p>\n\n\n\n<p>El herido fue trasladado de urgencia al Hospital Base San Jos\u00e9 de Osorno, donde debi\u00f3 ser intervenido por un equipo de neurocirug\u00eda debido a una fractura craneal. Posteriormente, fue ingresado a la Unidad de Cuidados Intensivos, donde se mantiene en condici\u00f3n cr\u00edtica.<\/p>\n\n\n\n<p>La Fiscal\u00eda Local de Osorno instruy\u00f3 diligencias a la Brigada de Homicidios de la PDI, con apoyo del Laboratorio de Criminal\u00edstica, que se traslad\u00f3 desde Puerto Montt para realizar los peritajes en el sitio del suceso.<\/p>\n\n\n\n<p>La fiscal jefe de Osorno, Mar\u00eda Ang\u00e9lica de Miguel, se\u00f1al\u00f3 que el hecho est\u00e1 siendo investigado bajo la figura de homicidio frustrado. \u201cSe est\u00e1n barajando diversas hip\u00f3tesis y las diligencias contin\u00faan para establecer las circunstancias y dar con los responsables\u201d, indic\u00f3 la persecutora.<\/p>\n\n\n\n<p>\ud83d\udcf7 Referencial<\/p>\n","protected":false},"excerpt":{"rendered":"<p>Un hombre de unos 30 a\u00f1os permanece en riesgo vital tras recibir un disparo en la cabeza durante la madrugada de este jueves en Osorno. El ataque ocurri\u00f3 al interior..<\/p>\n","protected":false},"author":2,"featured_media":15131,"comment_status":"closed","ping_status":"open","sticky":false,"template":"","format":"standard","meta":{"footnotes":""},"categories":[1,28,55],"tags":[],"class_list":["post-15130","post","type-post","status-publish","format-standard","has-post-thumbnail","hentry","category-acontecer","category-actual","category-osorno"],"rttpg_featured_image_url":{"full":["https:\/\/elconquistadorredloslagos.cl\/test\/wp-content\/uploads\/2025\/10\/img1-5.jpg",1920,1080,false],"landscape":["https:\/\/elconquistadorredloslagos.cl\/test\/wp-content\/uploads\/2025\/10\/img1-5.jpg",1920,1080,false],"portraits":["https:\/\/elconquistadorredloslagos.cl\/test\/wp-content\/uploads\/2025\/10\/img1-5.jpg",1920,1080,false],"thumbnail":["https:\/\/elconquistadorredloslagos.cl\/test\/wp-content\/uploads\/2025\/10\/img1-5-150x150.jpg",150,150,true],"medium":["https:\/\/elconquistadorredloslagos.cl\/test\/wp-content\/uploads\/2025\/10\/img1-5-300x169.jpg",300,169,true],"large":["https:\/\/elconquistadorredloslagos.cl\/test\/wp-content\/uploads\/2025\/10\/img1-5-1024x576.jpg",1024,576,true],"1536x1536":["https:\/\/elconquistadorredloslagos.cl\/test\/wp-content\/uploads\/2025\/10\/img1-5-1536x864.jpg",1536,864,true],"2048x2048":["https:\/\/elconquistadorredloslagos.cl\/test\/wp-content\/uploads\/2025\/10\/img1-5.jpg",1920,1080,false]},"rttpg_author":{"display_name":"ccardenas","author_link":"https:\/\/elconquistadorredloslagos.cl\/test\/blog\/author\/ccardenas\/"},"rttpg_comment":0,"rttpg_category":"<a href=\"https:\/\/elconquistadorredloslagos.cl\/test\/blog\/category\/actual\/acontecer\/\" rel=\"category tag\">Acontecer<\/a> <a href=\"https:\/\/elconquistadorredloslagos.cl\/test\/blog\/category\/actual\/\" rel=\"category tag\">Actualidad<\/a> <a href=\"https:\/\/elconquistadorredloslagos.cl\/test\/blog\/category\/chile\/osorno\/\" rel=\"category tag\">Osorno<\/a>","rttpg_excerpt":"Un hombre de unos 30 a\u00f1os permanece en riesgo vital tras recibir un disparo en la cabeza durante la madrugada de este jueves en Osorno. El ataque ocurri\u00f3 al interior..","_links":{"self":[{"href":"https:\/\/elconquistadorredloslagos.cl\/test\/wp-json\/wp\/v2\/posts\/15130","targetHints":{"allow":["GET"]}}],"collection":[{"href":"https:\/\/elconquistadorredloslagos.cl\/test\/wp-json\/wp\/v2\/posts"}],"about":[{"href":"https:\/\/elconquistadorredloslagos.cl\/test\/wp-json\/wp\/v2\/types\/post"}],"author":[{"embeddable":true,"href":"https:\/\/elconquistadorredloslagos.cl\/test\/wp-json\/wp\/v2\/users\/2"}],"replies":[{"embeddable":true,"href":"https:\/\/elconquistadorredloslagos.cl\/test\/wp-json\/wp\/v2\/comments?post=15130"}],"version-history":[{"count":1,"href":"https:\/\/elconquistadorredloslagos.cl\/test\/wp-json\/wp\/v2\/posts\/15130\/revisions"}],"predecessor-version":[{"id":15132,"href":"https:\/\/elconquistadorredloslagos.cl\/test\/wp-json\/wp\/v2\/posts\/15130\/revisions\/15132"}],"wp:featuredmedia":[{"embeddable":true,"href":"https:\/\/elconquistadorredloslagos.cl\/test\/wp-json\/wp\/v2\/media\/15131"}],"wp:attachment":[{"href":"https:\/\/elconquistadorredloslagos.cl\/test\/wp-json\/wp\/v2\/media?parent=15130"}],"wp:term":[{"taxonomy":"category","embeddable":true,"href":"https:\/\/elconquistadorredloslagos.cl\/test\/wp-json\/wp\/v2\/categories?post=15130"},{"taxonomy":"post_tag","embeddable":true,"href":"https:\/\/elconquistadorredloslagos.cl\/test\/wp-json\/wp\/v2\/tags?post=15130"}],"curies":[{"name":"wp","href":"https:\/\/api.w.org\/{rel}","templated":true}]}}