{"id":15118,"date":"2025-10-16T17:58:40","date_gmt":"2025-10-16T20:58:40","guid":{"rendered":"https:\/\/elconquistadorredloslagos.cl\/test\/?p=15118"},"modified":"2025-10-16T17:58:40","modified_gmt":"2025-10-16T20:58:40","slug":"municipio-de-puerto-montt-posterga-plan-para-instalar-feria-de-ambulantes-en-calle-varas","status":"publish","type":"post","link":"https:\/\/elconquistadorredloslagos.cl\/test\/blog\/2025\/10\/16\/municipio-de-puerto-montt-posterga-plan-para-instalar-feria-de-ambulantes-en-calle-varas\/","title":{"rendered":"Municipio de Puerto Montt posterga plan para instalar feria de ambulantes en calle Varas"},"content":{"rendered":"\n<p>La Municipalidad de Puerto Montt decidi\u00f3 postergar la instalaci\u00f3n de una feria de comerciantes ambulantes en la remozada calle Antonio Varas, luego de que una encuesta entre vecinos y locatarios revelara un rechazo del 91% a la iniciativa.<\/p>\n\n\n\n<p>El proyecto, anunciado hace menos de una semana, contemplaba habilitar un \u201cmercado urbano\u201d en un terreno privado ubicado en Varas 926, arrendado por el municipio. All\u00ed se esperaba albergar a entre 11 y 15 vendedores ambulantes que, bajo supervisi\u00f3n municipal, formalizar\u00edan su actividad comercial.<\/p>\n\n\n\n<p>Sin embargo, la medida gener\u00f3 molestia entre el comercio establecido, que acus\u00f3 falta de informaci\u00f3n y calific\u00f3 la propuesta como una competencia desleal. Frente a las cr\u00edticas, el administrador municipal, Fernando Orellana, aclar\u00f3 que se trataba de una alternativa en evaluaci\u00f3n y no de una decisi\u00f3n definitiva. \u201cHemos decidido postergar la idea considerando la opini\u00f3n del sector, adem\u00e1s de aspectos t\u00e9cnicos y de costos\u201d, se\u00f1al\u00f3.<\/p>\n\n\n\n<p>Por su parte, Bibiana Barrientos, presidenta del Sindicato Ceire de calle Varas, valor\u00f3 la determinaci\u00f3n municipal y destac\u00f3 la coherencia con los resultados del sondeo. \u201cEstamos satisfechos; esta propuesta no era justa para quienes cumplen con todas las normativas\u201d, afirm\u00f3.<\/p>\n\n\n\n<p>El municipio asegur\u00f3 que continuar\u00e1 trabajando con los comerciantes ambulantes que buscan formalizarse para ofrecer condiciones estables y seguras en la capital regional.<\/p>\n","protected":false},"excerpt":{"rendered":"<p>La Municipalidad de Puerto Montt decidi\u00f3 postergar la instalaci\u00f3n de una feria de comerciantes ambulantes en la remozada calle Antonio Varas, luego de que una encuesta entre vecinos y locatarios..<\/p>\n","protected":false},"author":2,"featured_media":15119,"comment_status":"closed","ping_status":"open","sticky":false,"template":"","format":"standard","meta":{"footnotes":""},"categories":[1,28,56],"tags":[],"class_list":["post-15118","post","type-post","status-publish","format-standard","has-post-thumbnail","hentry","category-acontecer","category-actual","category-puerto-montt"],"rttpg_featured_image_url":{"full":["https:\/\/elconquistadorredloslagos.cl\/test\/wp-content\/uploads\/2025\/10\/img1-4.jpg",1920,1080,false],"landscape":["https:\/\/elconquistadorredloslagos.cl\/test\/wp-content\/uploads\/2025\/10\/img1-4.jpg",1920,1080,false],"portraits":["https:\/\/elconquistadorredloslagos.cl\/test\/wp-content\/uploads\/2025\/10\/img1-4.jpg",1920,1080,false],"thumbnail":["https:\/\/elconquistadorredloslagos.cl\/test\/wp-content\/uploads\/2025\/10\/img1-4-150x150.jpg",150,150,true],"medium":["https:\/\/elconquistadorredloslagos.cl\/test\/wp-content\/uploads\/2025\/10\/img1-4-300x169.jpg",300,169,true],"large":["https:\/\/elconquistadorredloslagos.cl\/test\/wp-content\/uploads\/2025\/10\/img1-4-1024x576.jpg",1024,576,true],"1536x1536":["https:\/\/elconquistadorredloslagos.cl\/test\/wp-content\/uploads\/2025\/10\/img1-4-1536x864.jpg",1536,864,true],"2048x2048":["https:\/\/elconquistadorredloslagos.cl\/test\/wp-content\/uploads\/2025\/10\/img1-4.jpg",1920,1080,false]},"rttpg_author":{"display_name":"ccardenas","author_link":"https:\/\/elconquistadorredloslagos.cl\/test\/blog\/author\/ccardenas\/"},"rttpg_comment":0,"rttpg_category":"<a href=\"https:\/\/elconquistadorredloslagos.cl\/test\/blog\/category\/actual\/acontecer\/\" rel=\"category tag\">Acontecer<\/a> <a href=\"https:\/\/elconquistadorredloslagos.cl\/test\/blog\/category\/actual\/\" rel=\"category tag\">Actualidad<\/a> <a href=\"https:\/\/elconquistadorredloslagos.cl\/test\/blog\/category\/chile\/puerto-montt\/\" rel=\"category tag\">Puerto Montt<\/a>","rttpg_excerpt":"La Municipalidad de Puerto Montt decidi\u00f3 postergar la instalaci\u00f3n de una feria de comerciantes ambulantes en la remozada calle Antonio Varas, luego de que una encuesta entre vecinos y locatarios..","_links":{"self":[{"href":"https:\/\/elconquistadorredloslagos.cl\/test\/wp-json\/wp\/v2\/posts\/15118","targetHints":{"allow":["GET"]}}],"collection":[{"href":"https:\/\/elconquistadorredloslagos.cl\/test\/wp-json\/wp\/v2\/posts"}],"about":[{"href":"https:\/\/elconquistadorredloslagos.cl\/test\/wp-json\/wp\/v2\/types\/post"}],"author":[{"embeddable":true,"href":"https:\/\/elconquistadorredloslagos.cl\/test\/wp-json\/wp\/v2\/users\/2"}],"replies":[{"embeddable":true,"href":"https:\/\/elconquistadorredloslagos.cl\/test\/wp-json\/wp\/v2\/comments?post=15118"}],"version-history":[{"count":1,"href":"https:\/\/elconquistadorredloslagos.cl\/test\/wp-json\/wp\/v2\/posts\/15118\/revisions"}],"predecessor-version":[{"id":15120,"href":"https:\/\/elconquistadorredloslagos.cl\/test\/wp-json\/wp\/v2\/posts\/15118\/revisions\/15120"}],"wp:featuredmedia":[{"embeddable":true,"href":"https:\/\/elconquistadorredloslagos.cl\/test\/wp-json\/wp\/v2\/media\/15119"}],"wp:attachment":[{"href":"https:\/\/elconquistadorredloslagos.cl\/test\/wp-json\/wp\/v2\/media?parent=15118"}],"wp:term":[{"taxonomy":"category","embeddable":true,"href":"https:\/\/elconquistadorredloslagos.cl\/test\/wp-json\/wp\/v2\/categories?post=15118"},{"taxonomy":"post_tag","embeddable":true,"href":"https:\/\/elconquistadorredloslagos.cl\/test\/wp-json\/wp\/v2\/tags?post=15118"}],"curies":[{"name":"wp","href":"https:\/\/api.w.org\/{rel}","templated":true}]}}