{"id":15111,"date":"2025-10-16T17:35:56","date_gmt":"2025-10-16T20:35:56","guid":{"rendered":"https:\/\/elconquistadorredloslagos.cl\/test\/?p=15111"},"modified":"2025-10-17T14:32:18","modified_gmt":"2025-10-17T17:32:18","slug":"error-en-calculo-electrico-generara-rebaja-en-cuentas-de-luz-desde-2026-en-grandes-ciudades","status":"publish","type":"post","link":"https:\/\/elconquistadorredloslagos.cl\/test\/blog\/2025\/10\/16\/error-en-calculo-electrico-generara-rebaja-en-cuentas-de-luz-desde-2026-en-grandes-ciudades\/","title":{"rendered":"Error en c\u00e1lculo el\u00e9ctrico generar\u00e1 rebaja en cuentas de luz desde 2026 en grandes ciudades"},"content":{"rendered":"\n<p>Un error metodol\u00f3gico en el c\u00e1lculo del Precio de Nudo Promedio (PNP) llev\u00f3 a cobros mayores en las cuentas de luz de los \u00faltimos a\u00f1os, seg\u00fan reconoci\u00f3 la Comisi\u00f3n Nacional de Energ\u00eda (CNE). La irregularidad, detectada en el informe t\u00e9cnico preliminar del organismo, habr\u00eda sobreestimado el efecto inflacionario desde 2017, al sumar al c\u00e1lculo la tasa de inter\u00e9s corriente y la variaci\u00f3n del IPC en las reliquidaciones semestrales de tarifas.<\/p>\n\n\n\n<p>De acuerdo con un an\u00e1lisis de la fundaci\u00f3n Energ\u00eda para Todos, la correcci\u00f3n de este error implicar\u00e1 una baja promedio de 2% en las tarifas el\u00e9ctricas a partir de enero de 2026, aunque las reducciones var\u00edan seg\u00fan la regi\u00f3n.<\/p>\n\n\n\n<p>Entre las principales capitales regionales, Copiap\u00f3 (-6,6%), La Serena (-8,1%) y Valpara\u00edso (-4,2%) registran las mayores disminuciones. En Santiago la rebaja ser\u00eda de 0,7%, mientras que en Chill\u00e1n y Concepci\u00f3n alcanzar\u00eda un 3,3%. Temuco figura con un descenso de 5,3%, y Puerto Montt, de 0,2%.<\/p>\n\n\n\n<p>El ministro de Energ\u00eda, Diego Pardow, evit\u00f3 calificar el hecho como un error, se\u00f1alando que corresponde a un cambio de metodolog\u00eda. En tanto, la CNE asegur\u00f3 que se devolver\u00e1n los montos cobrados en exceso y que las nuevas tarifas reflejar\u00e1n de manera fiel los costos reales de generaci\u00f3n.<\/p>\n\n\n\n<p>\ud83d\udcf7 Referencial<\/p>\n","protected":false},"excerpt":{"rendered":"<p>Un error metodol\u00f3gico en el c\u00e1lculo del Precio de Nudo Promedio (PNP) llev\u00f3 a cobros mayores en las cuentas de luz de los \u00faltimos a\u00f1os, seg\u00fan reconoci\u00f3 la Comisi\u00f3n Nacional..<\/p>\n","protected":false},"author":2,"featured_media":15112,"comment_status":"closed","ping_status":"open","sticky":false,"template":"","format":"standard","meta":{"footnotes":""},"categories":[1,28,52],"tags":[],"class_list":["post-15111","post","type-post","status-publish","format-standard","has-post-thumbnail","hentry","category-acontecer","category-actual","category-chile"],"rttpg_featured_image_url":{"full":["https:\/\/elconquistadorredloslagos.cl\/test\/wp-content\/uploads\/2025\/10\/img1-2.jpg",1920,1080,false],"landscape":["https:\/\/elconquistadorredloslagos.cl\/test\/wp-content\/uploads\/2025\/10\/img1-2.jpg",1920,1080,false],"portraits":["https:\/\/elconquistadorredloslagos.cl\/test\/wp-content\/uploads\/2025\/10\/img1-2.jpg",1920,1080,false],"thumbnail":["https:\/\/elconquistadorredloslagos.cl\/test\/wp-content\/uploads\/2025\/10\/img1-2-150x150.jpg",150,150,true],"medium":["https:\/\/elconquistadorredloslagos.cl\/test\/wp-content\/uploads\/2025\/10\/img1-2-300x169.jpg",300,169,true],"large":["https:\/\/elconquistadorredloslagos.cl\/test\/wp-content\/uploads\/2025\/10\/img1-2-1024x576.jpg",1024,576,true],"1536x1536":["https:\/\/elconquistadorredloslagos.cl\/test\/wp-content\/uploads\/2025\/10\/img1-2-1536x864.jpg",1536,864,true],"2048x2048":["https:\/\/elconquistadorredloslagos.cl\/test\/wp-content\/uploads\/2025\/10\/img1-2.jpg",1920,1080,false]},"rttpg_author":{"display_name":"ccardenas","author_link":"https:\/\/elconquistadorredloslagos.cl\/test\/blog\/author\/ccardenas\/"},"rttpg_comment":0,"rttpg_category":"<a href=\"https:\/\/elconquistadorredloslagos.cl\/test\/blog\/category\/actual\/acontecer\/\" rel=\"category tag\">Acontecer<\/a> <a href=\"https:\/\/elconquistadorredloslagos.cl\/test\/blog\/category\/actual\/\" rel=\"category tag\">Actualidad<\/a> <a href=\"https:\/\/elconquistadorredloslagos.cl\/test\/blog\/category\/chile\/\" rel=\"category tag\">Nacional<\/a>","rttpg_excerpt":"Un error metodol\u00f3gico en el c\u00e1lculo del Precio de Nudo Promedio (PNP) llev\u00f3 a cobros mayores en las cuentas de luz de los \u00faltimos a\u00f1os, seg\u00fan reconoci\u00f3 la Comisi\u00f3n Nacional..","_links":{"self":[{"href":"https:\/\/elconquistadorredloslagos.cl\/test\/wp-json\/wp\/v2\/posts\/15111","targetHints":{"allow":["GET"]}}],"collection":[{"href":"https:\/\/elconquistadorredloslagos.cl\/test\/wp-json\/wp\/v2\/posts"}],"about":[{"href":"https:\/\/elconquistadorredloslagos.cl\/test\/wp-json\/wp\/v2\/types\/post"}],"author":[{"embeddable":true,"href":"https:\/\/elconquistadorredloslagos.cl\/test\/wp-json\/wp\/v2\/users\/2"}],"replies":[{"embeddable":true,"href":"https:\/\/elconquistadorredloslagos.cl\/test\/wp-json\/wp\/v2\/comments?post=15111"}],"version-history":[{"count":2,"href":"https:\/\/elconquistadorredloslagos.cl\/test\/wp-json\/wp\/v2\/posts\/15111\/revisions"}],"predecessor-version":[{"id":15139,"href":"https:\/\/elconquistadorredloslagos.cl\/test\/wp-json\/wp\/v2\/posts\/15111\/revisions\/15139"}],"wp:featuredmedia":[{"embeddable":true,"href":"https:\/\/elconquistadorredloslagos.cl\/test\/wp-json\/wp\/v2\/media\/15112"}],"wp:attachment":[{"href":"https:\/\/elconquistadorredloslagos.cl\/test\/wp-json\/wp\/v2\/media?parent=15111"}],"wp:term":[{"taxonomy":"category","embeddable":true,"href":"https:\/\/elconquistadorredloslagos.cl\/test\/wp-json\/wp\/v2\/categories?post=15111"},{"taxonomy":"post_tag","embeddable":true,"href":"https:\/\/elconquistadorredloslagos.cl\/test\/wp-json\/wp\/v2\/tags?post=15111"}],"curies":[{"name":"wp","href":"https:\/\/api.w.org\/{rel}","templated":true}]}}