{"id":15104,"date":"2025-10-16T17:08:07","date_gmt":"2025-10-16T20:08:07","guid":{"rendered":"https:\/\/elconquistadorredloslagos.cl\/test\/?p=15104"},"modified":"2025-10-16T17:08:07","modified_gmt":"2025-10-16T20:08:07","slug":"dalcahue-refuerza-su-compromiso-ambiental-con-operativo-conjunto-de-limpieza-costera-en-calen","status":"publish","type":"post","link":"https:\/\/elconquistadorredloslagos.cl\/test\/blog\/2025\/10\/16\/dalcahue-refuerza-su-compromiso-ambiental-con-operativo-conjunto-de-limpieza-costera-en-calen\/","title":{"rendered":"Dalcahue refuerza su compromiso ambiental con operativo conjunto de limpieza costera en Calen"},"content":{"rendered":"\n<p>En una acci\u00f3n ejemplar de colaboraci\u00f3n y conciencia ecol\u00f3gica, la municipalidad de Dalcahue, junto a la empresa Landes, la Autoridad Mar\u00edtima, la Escuela de Calen y diversas organizaciones comunitarias, desarrollaron un operativo de limpieza en el borde costero del sector Calen. M\u00e1s de cien personas, entre estudiantes, docentes, vecinos y trabajadores municipales, participaron activamente en esta jornada que busca devolver vitalidad al entorno natural y fortalecer la cultura del cuidado medioambiental.<\/p>\n\n\n\n<p>La alcaldesa Alejandra Villegas destac\u00f3 el esp\u00edritu colaborativo que ha caracterizado esta iniciativa.<\/p>\n\n\n\n<figure class=\"wp-block-audio\"><audio controls src=\"https:\/\/elconquistadorredloslagos.cl\/test\/wp-content\/uploads\/2025\/10\/ALCALDESDA-VILLEGAS-01.mp3\"><\/audio><\/figure>\n\n\n\n<p>Por su parte, \u00c1lvaro Gallardo, encargado del departamento de Medio Ambiente de la municipalidad dalcahuina, explic\u00f3 que la actividad se enmarca dentro del Mes de la Limpieza del Mar, una estrategia que busca mantener las costas libres de residuos y generar conciencia sobre la necesidad de preservar los ecosistemas marinos. <\/p>\n\n\n\n<figure class=\"wp-block-audio\"><audio controls src=\"https:\/\/elconquistadorredloslagos.cl\/test\/wp-content\/uploads\/2025\/10\/ALVARO-GALLARDO-1.mp3\"><\/audio><\/figure>\n\n\n\n<p>La jefa comunal resalt\u00f3 adem\u00e1s el valor simb\u00f3lico de Calen como ejemplo de comunidad responsable: <\/p>\n\n\n\n<figure class=\"wp-block-audio\"><audio controls src=\"https:\/\/elconquistadorredloslagos.cl\/test\/wp-content\/uploads\/2025\/10\/ALCALDESA-VILLEGAS-02.mp3\"><\/audio><\/figure>\n\n\n\n<p>Esta experiencia refuerza una l\u00ednea de trabajo sostenida por la municipalidad de Dalcahue, que promueve alianzas estrat\u00e9gicas entre el sector p\u00fablico, privado y comunitario como base de su gesti\u00f3n. M\u00e1s all\u00e1 de la limpieza del entorno, estas acciones representan una manera de educar, sensibilizar y construir ciudadan\u00eda ambiental, proyectando a Dalcahue como un referente regional en gesti\u00f3n sostenible y participaci\u00f3n territorial.<\/p>\n\n\n\n<figure class=\"wp-block-gallery has-nested-images columns-default is-cropped wp-block-gallery-1 is-layout-flex wp-block-gallery-is-layout-flex\">\n<figure class=\"wp-block-image size-large\"><img loading=\"lazy\" decoding=\"async\" width=\"1024\" height=\"682\" data-id=\"15109\" src=\"https:\/\/elconquistadorredloslagos.cl\/test\/wp-content\/uploads\/2025\/10\/PORTADA.jpg\" alt=\"\" class=\"wp-image-15109\" \/><\/figure>\n<\/figure>\n\n\n\n<p><\/p>\n","protected":false},"excerpt":{"rendered":"<p>En una acci\u00f3n ejemplar de colaboraci\u00f3n y conciencia ecol\u00f3gica, la municipalidad de Dalcahue, junto a la empresa Landes, la Autoridad Mar\u00edtima, la Escuela de Calen y diversas organizaciones comunitarias, desarrollaron..<\/p>\n","protected":false},"author":2,"featured_media":15106,"comment_status":"closed","ping_status":"open","sticky":false,"template":"","format":"standard","meta":{"footnotes":""},"categories":[1,28,51],"tags":[],"class_list":["post-15104","post","type-post","status-publish","format-standard","has-post-thumbnail","hentry","category-acontecer","category-actual","category-chiloe"],"rttpg_featured_image_url":{"full":["https:\/\/elconquistadorredloslagos.cl\/test\/wp-content\/uploads\/2025\/10\/img1-1.jpg",1920,1080,false],"landscape":["https:\/\/elconquistadorredloslagos.cl\/test\/wp-content\/uploads\/2025\/10\/img1-1.jpg",1920,1080,false],"portraits":["https:\/\/elconquistadorredloslagos.cl\/test\/wp-content\/uploads\/2025\/10\/img1-1.jpg",1920,1080,false],"thumbnail":["https:\/\/elconquistadorredloslagos.cl\/test\/wp-content\/uploads\/2025\/10\/img1-1-150x150.jpg",150,150,true],"medium":["https:\/\/elconquistadorredloslagos.cl\/test\/wp-content\/uploads\/2025\/10\/img1-1-300x169.jpg",300,169,true],"large":["https:\/\/elconquistadorredloslagos.cl\/test\/wp-content\/uploads\/2025\/10\/img1-1-1024x576.jpg",1024,576,true],"1536x1536":["https:\/\/elconquistadorredloslagos.cl\/test\/wp-content\/uploads\/2025\/10\/img1-1-1536x864.jpg",1536,864,true],"2048x2048":["https:\/\/elconquistadorredloslagos.cl\/test\/wp-content\/uploads\/2025\/10\/img1-1.jpg",1920,1080,false]},"rttpg_author":{"display_name":"ccardenas","author_link":"https:\/\/elconquistadorredloslagos.cl\/test\/blog\/author\/ccardenas\/"},"rttpg_comment":0,"rttpg_category":"<a href=\"https:\/\/elconquistadorredloslagos.cl\/test\/blog\/category\/actual\/acontecer\/\" rel=\"category tag\">Acontecer<\/a> <a href=\"https:\/\/elconquistadorredloslagos.cl\/test\/blog\/category\/actual\/\" rel=\"category tag\">Actualidad<\/a> <a href=\"https:\/\/elconquistadorredloslagos.cl\/test\/blog\/category\/chile\/chiloe\/\" rel=\"category tag\">Chilo\u00e9<\/a>","rttpg_excerpt":"En una acci\u00f3n ejemplar de colaboraci\u00f3n y conciencia ecol\u00f3gica, la municipalidad de Dalcahue, junto a la empresa Landes, la Autoridad Mar\u00edtima, la Escuela de Calen y diversas organizaciones comunitarias, desarrollaron..","_links":{"self":[{"href":"https:\/\/elconquistadorredloslagos.cl\/test\/wp-json\/wp\/v2\/posts\/15104","targetHints":{"allow":["GET"]}}],"collection":[{"href":"https:\/\/elconquistadorredloslagos.cl\/test\/wp-json\/wp\/v2\/posts"}],"about":[{"href":"https:\/\/elconquistadorredloslagos.cl\/test\/wp-json\/wp\/v2\/types\/post"}],"author":[{"embeddable":true,"href":"https:\/\/elconquistadorredloslagos.cl\/test\/wp-json\/wp\/v2\/users\/2"}],"replies":[{"embeddable":true,"href":"https:\/\/elconquistadorredloslagos.cl\/test\/wp-json\/wp\/v2\/comments?post=15104"}],"version-history":[{"count":1,"href":"https:\/\/elconquistadorredloslagos.cl\/test\/wp-json\/wp\/v2\/posts\/15104\/revisions"}],"predecessor-version":[{"id":15110,"href":"https:\/\/elconquistadorredloslagos.cl\/test\/wp-json\/wp\/v2\/posts\/15104\/revisions\/15110"}],"wp:featuredmedia":[{"embeddable":true,"href":"https:\/\/elconquistadorredloslagos.cl\/test\/wp-json\/wp\/v2\/media\/15106"}],"wp:attachment":[{"href":"https:\/\/elconquistadorredloslagos.cl\/test\/wp-json\/wp\/v2\/media?parent=15104"}],"wp:term":[{"taxonomy":"category","embeddable":true,"href":"https:\/\/elconquistadorredloslagos.cl\/test\/wp-json\/wp\/v2\/categories?post=15104"},{"taxonomy":"post_tag","embeddable":true,"href":"https:\/\/elconquistadorredloslagos.cl\/test\/wp-json\/wp\/v2\/tags?post=15104"}],"curies":[{"name":"wp","href":"https:\/\/api.w.org\/{rel}","templated":true}]}}