{"id":15099,"date":"2025-10-16T14:01:04","date_gmt":"2025-10-16T17:01:04","guid":{"rendered":"https:\/\/elconquistadorredloslagos.cl\/test\/?p=15099"},"modified":"2025-10-16T14:01:05","modified_gmt":"2025-10-16T17:01:05","slug":"banda-del-gota-a-gota-sacude-a-castro-y-salpica-al-municipio-con-una-funcionaria-investigada","status":"publish","type":"post","link":"https:\/\/elconquistadorredloslagos.cl\/test\/blog\/2025\/10\/16\/banda-del-gota-a-gota-sacude-a-castro-y-salpica-al-municipio-con-una-funcionaria-investigada\/","title":{"rendered":"Banda del \u201cgota a gota\u201d sacude a Castro y salpica al municipio con una funcionaria investigada"},"content":{"rendered":"\n<p>La expansi\u00f3n del crimen organizado vuelve a golpear al archipi\u00e9lago. Este mediod\u00eda, en el Juzgado de Garant\u00eda de Ancud, ser\u00e1n formalizados 14 detenidos (entre ellos 10 ciudadanos colombianos) acusados de integrar una red dedicada a pr\u00e9stamos informales bajo la modalidad del \u201cgota a gota\u201d.<\/p>\n\n\n\n<p>El operativo, encabezado por la PDI con m\u00e1s de 60 funcionarios, se desarroll\u00f3 en Castro, Chonchi, Puerto Montt, Temuco y Antofagasta. En los allanamientos se incautaron m\u00e1s de 60 millones de pesos chilenos, junto a dinero colombiano, argentino, dominicano y d\u00f3lares. Los imputados enfrentan cargos por usura, asociaci\u00f3n il\u00edcita y lavado de activos.<\/p>\n\n\n\n<p>Entre los arrestados figura una trabajadora social que se desempe\u00f1aba en el Programa Lazos, dependiente de la Subsecretar\u00eda de Prevenci\u00f3n del Delito y ejecutado por la Municipalidad de Castro. La informaci\u00f3n fue ratificada por el alcalde Baltazar Elgueta (PS).<\/p>\n\n\n\n<figure class=\"wp-block-audio\"><audio controls src=\"https:\/\/elconquistadorredloslagos.cl\/test\/wp-content\/uploads\/2025\/10\/ELGUETA-1.mp3\"><\/audio><\/figure>\n\n\n\n<p>Junto con ello, el jefe comunal de la capital chilota confirm\u00f3 que el municipio est\u00e1 recabando antecedentes y colaborando con la Fiscal\u00eda, a cargo del persecutor Rodrigo Oyarz\u00fan.<\/p>\n\n\n\n<figure class=\"wp-block-audio\"><audio controls src=\"https:\/\/elconquistadorredloslagos.cl\/test\/wp-content\/uploads\/2025\/10\/ELGUETA-2.mp3\"><\/audio><\/figure>\n\n\n\n<p>El caso refuerza la preocupaci\u00f3n por el avance del crimen organizado.<\/p>\n\n\n\n<p>\ud83d\udcf7 Referencial<\/p>\n","protected":false},"excerpt":{"rendered":"<p>La expansi\u00f3n del crimen organizado vuelve a golpear al archipi\u00e9lago. Este mediod\u00eda, en el Juzgado de Garant\u00eda de Ancud, ser\u00e1n formalizados 14 detenidos (entre ellos 10 ciudadanos colombianos) acusados de..<\/p>\n","protected":false},"author":2,"featured_media":15102,"comment_status":"closed","ping_status":"open","sticky":false,"template":"","format":"standard","meta":{"footnotes":""},"categories":[1,28,51,52],"tags":[],"class_list":["post-15099","post","type-post","status-publish","format-standard","has-post-thumbnail","hentry","category-acontecer","category-actual","category-chiloe","category-chile"],"rttpg_featured_image_url":{"full":["https:\/\/elconquistadorredloslagos.cl\/test\/wp-content\/uploads\/2025\/10\/img1.jpg",1920,1080,false],"landscape":["https:\/\/elconquistadorredloslagos.cl\/test\/wp-content\/uploads\/2025\/10\/img1.jpg",1920,1080,false],"portraits":["https:\/\/elconquistadorredloslagos.cl\/test\/wp-content\/uploads\/2025\/10\/img1.jpg",1920,1080,false],"thumbnail":["https:\/\/elconquistadorredloslagos.cl\/test\/wp-content\/uploads\/2025\/10\/img1-150x150.jpg",150,150,true],"medium":["https:\/\/elconquistadorredloslagos.cl\/test\/wp-content\/uploads\/2025\/10\/img1-300x169.jpg",300,169,true],"large":["https:\/\/elconquistadorredloslagos.cl\/test\/wp-content\/uploads\/2025\/10\/img1-1024x576.jpg",1024,576,true],"1536x1536":["https:\/\/elconquistadorredloslagos.cl\/test\/wp-content\/uploads\/2025\/10\/img1-1536x864.jpg",1536,864,true],"2048x2048":["https:\/\/elconquistadorredloslagos.cl\/test\/wp-content\/uploads\/2025\/10\/img1.jpg",1920,1080,false]},"rttpg_author":{"display_name":"ccardenas","author_link":"https:\/\/elconquistadorredloslagos.cl\/test\/blog\/author\/ccardenas\/"},"rttpg_comment":0,"rttpg_category":"<a href=\"https:\/\/elconquistadorredloslagos.cl\/test\/blog\/category\/actual\/acontecer\/\" rel=\"category tag\">Acontecer<\/a> <a href=\"https:\/\/elconquistadorredloslagos.cl\/test\/blog\/category\/actual\/\" rel=\"category tag\">Actualidad<\/a> <a href=\"https:\/\/elconquistadorredloslagos.cl\/test\/blog\/category\/chile\/chiloe\/\" rel=\"category tag\">Chilo\u00e9<\/a> <a href=\"https:\/\/elconquistadorredloslagos.cl\/test\/blog\/category\/chile\/\" rel=\"category tag\">Nacional<\/a>","rttpg_excerpt":"La expansi\u00f3n del crimen organizado vuelve a golpear al archipi\u00e9lago. Este mediod\u00eda, en el Juzgado de Garant\u00eda de Ancud, ser\u00e1n formalizados 14 detenidos (entre ellos 10 ciudadanos colombianos) acusados de..","_links":{"self":[{"href":"https:\/\/elconquistadorredloslagos.cl\/test\/wp-json\/wp\/v2\/posts\/15099","targetHints":{"allow":["GET"]}}],"collection":[{"href":"https:\/\/elconquistadorredloslagos.cl\/test\/wp-json\/wp\/v2\/posts"}],"about":[{"href":"https:\/\/elconquistadorredloslagos.cl\/test\/wp-json\/wp\/v2\/types\/post"}],"author":[{"embeddable":true,"href":"https:\/\/elconquistadorredloslagos.cl\/test\/wp-json\/wp\/v2\/users\/2"}],"replies":[{"embeddable":true,"href":"https:\/\/elconquistadorredloslagos.cl\/test\/wp-json\/wp\/v2\/comments?post=15099"}],"version-history":[{"count":1,"href":"https:\/\/elconquistadorredloslagos.cl\/test\/wp-json\/wp\/v2\/posts\/15099\/revisions"}],"predecessor-version":[{"id":15103,"href":"https:\/\/elconquistadorredloslagos.cl\/test\/wp-json\/wp\/v2\/posts\/15099\/revisions\/15103"}],"wp:featuredmedia":[{"embeddable":true,"href":"https:\/\/elconquistadorredloslagos.cl\/test\/wp-json\/wp\/v2\/media\/15102"}],"wp:attachment":[{"href":"https:\/\/elconquistadorredloslagos.cl\/test\/wp-json\/wp\/v2\/media?parent=15099"}],"wp:term":[{"taxonomy":"category","embeddable":true,"href":"https:\/\/elconquistadorredloslagos.cl\/test\/wp-json\/wp\/v2\/categories?post=15099"},{"taxonomy":"post_tag","embeddable":true,"href":"https:\/\/elconquistadorredloslagos.cl\/test\/wp-json\/wp\/v2\/tags?post=15099"}],"curies":[{"name":"wp","href":"https:\/\/api.w.org\/{rel}","templated":true}]}}