{"id":15096,"date":"2025-10-16T13:23:24","date_gmt":"2025-10-16T16:23:24","guid":{"rendered":"https:\/\/elconquistadorredloslagos.cl\/test\/?p=15096"},"modified":"2025-10-16T13:23:25","modified_gmt":"2025-10-16T16:23:25","slug":"formalizan-a-apoderado-por-amenazas-a-profesora-en-quellon","status":"publish","type":"post","link":"https:\/\/elconquistadorredloslagos.cl\/test\/blog\/2025\/10\/16\/formalizan-a-apoderado-por-amenazas-a-profesora-en-quellon\/","title":{"rendered":"Formalizan a apoderado por amenazas a profesora en Quell\u00f3n"},"content":{"rendered":"\n<p>Avanzan las acciones legales por el caso de amenazas contra una profesora de la Escuela Rural de Blanchard en Quell\u00f3n. La educadora, que se reincorporar\u00e1 pronto tras una licencia m\u00e9dica, denunci\u00f3 haber sido intimidada por un apoderado del establecimiento.<\/p>\n\n\n\n<p>El primer episodio ocurri\u00f3 el 29 de septiembre, cuando el hombre la increp\u00f3 al t\u00e9rmino de una reuni\u00f3n escolar, se\u00f1alando que \u201cse estaba conteniendo\u201d y que \u201cya hab\u00eda matado a una persona a\u00f1os atr\u00e1s\u201d. D\u00edas despu\u00e9s, el 2 de octubre, en otro encuentro con apoderados, el mismo sujeto repiti\u00f3 sus amenazas. La docente acudi\u00f3 a Carabineros y posteriormente al Ministerio P\u00fablico, donde el fiscal Fabi\u00e1n Fern\u00e1ndez solicit\u00f3 audiencia para formalizar al implicado el 1 de diciembre.<\/p>\n\n\n\n<p>En paralelo, el Servicio Local de Educaci\u00f3n P\u00fablica (SLEP) Chilo\u00e9 present\u00f3 una querella en defensa de la profesora. Desde la entidad explicaron que se trata de un hecho grave, ya que el trabajador amenaz\u00f3 a una funcionaria en el ejercicio de sus labores.<\/p>\n\n\n\n<p>El director del SLEP, Pablo Baeza, se\u00f1al\u00f3 que ya se est\u00e1n gestionando medidas de apoyo y un reemplazo para garantizar la continuidad del trabajo educativo, destacando la importancia de acompa\u00f1ar a la docente en su recuperaci\u00f3n emocional y laboral.<\/p>\n\n\n\n<p>\ud83d\udcf7 <a href=\"https:\/\/www.facebook.com\/InfoQuellon?__tn__=-UC*F\">Quell\u00f3n Informa<\/a> &#8211; Facebook<\/p>\n\n\n\n<p><\/p>\n","protected":false},"excerpt":{"rendered":"<p>Avanzan las acciones legales por el caso de amenazas contra una profesora de la Escuela Rural de Blanchard en Quell\u00f3n. La educadora, que se reincorporar\u00e1 pronto tras una licencia m\u00e9dica,..<\/p>\n","protected":false},"author":2,"featured_media":15097,"comment_status":"closed","ping_status":"open","sticky":false,"template":"","format":"standard","meta":{"footnotes":""},"categories":[1,28,51],"tags":[],"class_list":["post-15096","post","type-post","status-publish","format-standard","has-post-thumbnail","hentry","category-acontecer","category-actual","category-chiloe"],"rttpg_featured_image_url":{"full":["https:\/\/elconquistadorredloslagos.cl\/test\/wp-content\/uploads\/2025\/10\/img-52.jpg",1920,1080,false],"landscape":["https:\/\/elconquistadorredloslagos.cl\/test\/wp-content\/uploads\/2025\/10\/img-52.jpg",1920,1080,false],"portraits":["https:\/\/elconquistadorredloslagos.cl\/test\/wp-content\/uploads\/2025\/10\/img-52.jpg",1920,1080,false],"thumbnail":["https:\/\/elconquistadorredloslagos.cl\/test\/wp-content\/uploads\/2025\/10\/img-52-150x150.jpg",150,150,true],"medium":["https:\/\/elconquistadorredloslagos.cl\/test\/wp-content\/uploads\/2025\/10\/img-52-300x169.jpg",300,169,true],"large":["https:\/\/elconquistadorredloslagos.cl\/test\/wp-content\/uploads\/2025\/10\/img-52-1024x576.jpg",1024,576,true],"1536x1536":["https:\/\/elconquistadorredloslagos.cl\/test\/wp-content\/uploads\/2025\/10\/img-52-1536x864.jpg",1536,864,true],"2048x2048":["https:\/\/elconquistadorredloslagos.cl\/test\/wp-content\/uploads\/2025\/10\/img-52.jpg",1920,1080,false]},"rttpg_author":{"display_name":"ccardenas","author_link":"https:\/\/elconquistadorredloslagos.cl\/test\/blog\/author\/ccardenas\/"},"rttpg_comment":0,"rttpg_category":"<a href=\"https:\/\/elconquistadorredloslagos.cl\/test\/blog\/category\/actual\/acontecer\/\" rel=\"category tag\">Acontecer<\/a> <a href=\"https:\/\/elconquistadorredloslagos.cl\/test\/blog\/category\/actual\/\" rel=\"category tag\">Actualidad<\/a> <a href=\"https:\/\/elconquistadorredloslagos.cl\/test\/blog\/category\/chile\/chiloe\/\" rel=\"category tag\">Chilo\u00e9<\/a>","rttpg_excerpt":"Avanzan las acciones legales por el caso de amenazas contra una profesora de la Escuela Rural de Blanchard en Quell\u00f3n. La educadora, que se reincorporar\u00e1 pronto tras una licencia m\u00e9dica,..","_links":{"self":[{"href":"https:\/\/elconquistadorredloslagos.cl\/test\/wp-json\/wp\/v2\/posts\/15096","targetHints":{"allow":["GET"]}}],"collection":[{"href":"https:\/\/elconquistadorredloslagos.cl\/test\/wp-json\/wp\/v2\/posts"}],"about":[{"href":"https:\/\/elconquistadorredloslagos.cl\/test\/wp-json\/wp\/v2\/types\/post"}],"author":[{"embeddable":true,"href":"https:\/\/elconquistadorredloslagos.cl\/test\/wp-json\/wp\/v2\/users\/2"}],"replies":[{"embeddable":true,"href":"https:\/\/elconquistadorredloslagos.cl\/test\/wp-json\/wp\/v2\/comments?post=15096"}],"version-history":[{"count":1,"href":"https:\/\/elconquistadorredloslagos.cl\/test\/wp-json\/wp\/v2\/posts\/15096\/revisions"}],"predecessor-version":[{"id":15098,"href":"https:\/\/elconquistadorredloslagos.cl\/test\/wp-json\/wp\/v2\/posts\/15096\/revisions\/15098"}],"wp:featuredmedia":[{"embeddable":true,"href":"https:\/\/elconquistadorredloslagos.cl\/test\/wp-json\/wp\/v2\/media\/15097"}],"wp:attachment":[{"href":"https:\/\/elconquistadorredloslagos.cl\/test\/wp-json\/wp\/v2\/media?parent=15096"}],"wp:term":[{"taxonomy":"category","embeddable":true,"href":"https:\/\/elconquistadorredloslagos.cl\/test\/wp-json\/wp\/v2\/categories?post=15096"},{"taxonomy":"post_tag","embeddable":true,"href":"https:\/\/elconquistadorredloslagos.cl\/test\/wp-json\/wp\/v2\/tags?post=15096"}],"curies":[{"name":"wp","href":"https:\/\/api.w.org\/{rel}","templated":true}]}}