{"id":15089,"date":"2025-10-16T12:52:48","date_gmt":"2025-10-16T15:52:48","guid":{"rendered":"https:\/\/elconquistadorredloslagos.cl\/test\/?p=15089"},"modified":"2025-10-16T12:52:49","modified_gmt":"2025-10-16T15:52:49","slug":"hombre-permanece-en-riesgo-vital-tras-recibir-un-disparo-en-la-cabeza-en-osorno","status":"publish","type":"post","link":"https:\/\/elconquistadorredloslagos.cl\/test\/blog\/2025\/10\/16\/hombre-permanece-en-riesgo-vital-tras-recibir-un-disparo-en-la-cabeza-en-osorno\/","title":{"rendered":"Hombre permanece en riesgo vital tras recibir un disparo en la cabeza en Osorno"},"content":{"rendered":"\n<p>Un hombre de 30 a\u00f1os se debate entre la vida y la muerte tras recibir un disparo en la cabeza en la poblaci\u00f3n Portal Osorno, durante la ma\u00f1ana de este jueves. El hecho ocurri\u00f3 al interior de una vivienda del sector, hasta donde ingres\u00f3 un sujeto armado, seg\u00fan relat\u00f3 una testigo.<\/p>\n\n\n\n<p>De acuerdo con los antecedentes recopilados por personal de la Subcomisar\u00eda Rahue, la mujer se\u00f1al\u00f3 que se encontraba en el segundo piso del domicilio cuando el atacante irrumpi\u00f3 en el lugar. Por temor, se ocult\u00f3 en una de las habitaciones y, al salir, encontr\u00f3 a su pareja tendida en la v\u00eda p\u00fablica con una grave lesi\u00f3n craneal.<\/p>\n\n\n\n<p>El herido fue trasladado de urgencia por personal del SAMU al Hospital Base de Osorno, donde se confirm\u00f3 que presenta una herida de proyectil en el cr\u00e1neo, con diagn\u00f3stico de riesgo vital.<\/p>\n\n\n\n<p>Fuentes policiales indicaron que la v\u00edctima mantiene antecedentes por diversos delitos. Por instrucci\u00f3n del fiscal de turno, la Brigada de Homicidios de la PDI qued\u00f3 a cargo de las diligencias para esclarecer las circunstancias del ataque.<\/p>\n\n\n\n<p>\ud83d\udcf7 Redes sociales<\/p>\n","protected":false},"excerpt":{"rendered":"<p>Un hombre de 30 a\u00f1os se debate entre la vida y la muerte tras recibir un disparo en la cabeza en la poblaci\u00f3n Portal Osorno, durante la ma\u00f1ana de este..<\/p>\n","protected":false},"author":2,"featured_media":15090,"comment_status":"closed","ping_status":"open","sticky":false,"template":"","format":"standard","meta":{"footnotes":""},"categories":[1,28,55],"tags":[],"class_list":["post-15089","post","type-post","status-publish","format-standard","has-post-thumbnail","hentry","category-acontecer","category-actual","category-osorno"],"rttpg_featured_image_url":{"full":["https:\/\/elconquistadorredloslagos.cl\/test\/wp-content\/uploads\/2025\/10\/img-50.jpg",1920,1080,false],"landscape":["https:\/\/elconquistadorredloslagos.cl\/test\/wp-content\/uploads\/2025\/10\/img-50.jpg",1920,1080,false],"portraits":["https:\/\/elconquistadorredloslagos.cl\/test\/wp-content\/uploads\/2025\/10\/img-50.jpg",1920,1080,false],"thumbnail":["https:\/\/elconquistadorredloslagos.cl\/test\/wp-content\/uploads\/2025\/10\/img-50-150x150.jpg",150,150,true],"medium":["https:\/\/elconquistadorredloslagos.cl\/test\/wp-content\/uploads\/2025\/10\/img-50-300x169.jpg",300,169,true],"large":["https:\/\/elconquistadorredloslagos.cl\/test\/wp-content\/uploads\/2025\/10\/img-50-1024x576.jpg",1024,576,true],"1536x1536":["https:\/\/elconquistadorredloslagos.cl\/test\/wp-content\/uploads\/2025\/10\/img-50-1536x864.jpg",1536,864,true],"2048x2048":["https:\/\/elconquistadorredloslagos.cl\/test\/wp-content\/uploads\/2025\/10\/img-50.jpg",1920,1080,false]},"rttpg_author":{"display_name":"ccardenas","author_link":"https:\/\/elconquistadorredloslagos.cl\/test\/blog\/author\/ccardenas\/"},"rttpg_comment":0,"rttpg_category":"<a href=\"https:\/\/elconquistadorredloslagos.cl\/test\/blog\/category\/actual\/acontecer\/\" rel=\"category tag\">Acontecer<\/a> <a href=\"https:\/\/elconquistadorredloslagos.cl\/test\/blog\/category\/actual\/\" rel=\"category tag\">Actualidad<\/a> <a href=\"https:\/\/elconquistadorredloslagos.cl\/test\/blog\/category\/chile\/osorno\/\" rel=\"category tag\">Osorno<\/a>","rttpg_excerpt":"Un hombre de 30 a\u00f1os se debate entre la vida y la muerte tras recibir un disparo en la cabeza en la poblaci\u00f3n Portal Osorno, durante la ma\u00f1ana de este..","_links":{"self":[{"href":"https:\/\/elconquistadorredloslagos.cl\/test\/wp-json\/wp\/v2\/posts\/15089","targetHints":{"allow":["GET"]}}],"collection":[{"href":"https:\/\/elconquistadorredloslagos.cl\/test\/wp-json\/wp\/v2\/posts"}],"about":[{"href":"https:\/\/elconquistadorredloslagos.cl\/test\/wp-json\/wp\/v2\/types\/post"}],"author":[{"embeddable":true,"href":"https:\/\/elconquistadorredloslagos.cl\/test\/wp-json\/wp\/v2\/users\/2"}],"replies":[{"embeddable":true,"href":"https:\/\/elconquistadorredloslagos.cl\/test\/wp-json\/wp\/v2\/comments?post=15089"}],"version-history":[{"count":1,"href":"https:\/\/elconquistadorredloslagos.cl\/test\/wp-json\/wp\/v2\/posts\/15089\/revisions"}],"predecessor-version":[{"id":15091,"href":"https:\/\/elconquistadorredloslagos.cl\/test\/wp-json\/wp\/v2\/posts\/15089\/revisions\/15091"}],"wp:featuredmedia":[{"embeddable":true,"href":"https:\/\/elconquistadorredloslagos.cl\/test\/wp-json\/wp\/v2\/media\/15090"}],"wp:attachment":[{"href":"https:\/\/elconquistadorredloslagos.cl\/test\/wp-json\/wp\/v2\/media?parent=15089"}],"wp:term":[{"taxonomy":"category","embeddable":true,"href":"https:\/\/elconquistadorredloslagos.cl\/test\/wp-json\/wp\/v2\/categories?post=15089"},{"taxonomy":"post_tag","embeddable":true,"href":"https:\/\/elconquistadorredloslagos.cl\/test\/wp-json\/wp\/v2\/tags?post=15089"}],"curies":[{"name":"wp","href":"https:\/\/api.w.org\/{rel}","templated":true}]}}