{"id":15086,"date":"2025-10-16T12:46:04","date_gmt":"2025-10-16T15:46:04","guid":{"rendered":"https:\/\/elconquistadorredloslagos.cl\/test\/?p=15086"},"modified":"2025-10-16T12:46:05","modified_gmt":"2025-10-16T15:46:05","slug":"dos-adolescentes-resultan-heridas-tras-volcar-camioneta-en-calbuco-luego-de-colision","status":"publish","type":"post","link":"https:\/\/elconquistadorredloslagos.cl\/test\/blog\/2025\/10\/16\/dos-adolescentes-resultan-heridas-tras-volcar-camioneta-en-calbuco-luego-de-colision\/","title":{"rendered":"Dos adolescentes resultan heridas tras volcar camioneta en Calbuco luego de colisi\u00f3n"},"content":{"rendered":"\n<p>Dos primas de 15 a\u00f1os resultaron con diversas lesiones luego de protagonizar un accidente de tr\u00e1nsito en la localidad de Caica\u00e9n, comuna de Calbuco, tras sacar sin autorizaci\u00f3n una camioneta perteneciente al padre de una de ellas.<\/p>\n\n\n\n<p>El hecho ocurri\u00f3 la tarde de este mi\u00e9rcoles, cuando las menores decidieron conducir el veh\u00edculo para dar una vuelta por el sector. Durante el trayecto, impactaron por la parte trasera a otro autom\u00f3vil y, en medio del p\u00e1nico, continuaron la marcha a alta velocidad en sentido contrario al tr\u00e1nsito. Fue entonces cuando perdieron el control y la camioneta termin\u00f3 volcando.<\/p>\n\n\n\n<p>Sergio Pascuales Torres, segundo comandante del Cuerpo de Bomberos de Calbuco, detall\u00f3 que al llegar los equipos de emergencia encontraron a las adolescentes \u201cconsternadas, con golpes y heridas en las piernas\u201d. Ambas fueron trasladadas conscientes a un centro asistencial.<\/p>\n\n\n\n<p>La mujer que conduc\u00eda el veh\u00edculo colisionado tambi\u00e9n sufri\u00f3 lesiones y fue derivada por familiares al hospital. En el lugar trabajaron Bomberos, Carabineros y tres ambulancias, mientras la ruta se mantuvo interrumpida para facilitar las labores de rescate.<\/p>\n\n\n\n<p>\ud83d\udcf7 Redes sociales<\/p>\n","protected":false},"excerpt":{"rendered":"<p>Dos primas de 15 a\u00f1os resultaron con diversas lesiones luego de protagonizar un accidente de tr\u00e1nsito en la localidad de Caica\u00e9n, comuna de Calbuco, tras sacar sin autorizaci\u00f3n una camioneta..<\/p>\n","protected":false},"author":2,"featured_media":15087,"comment_status":"closed","ping_status":"open","sticky":false,"template":"","format":"standard","meta":{"footnotes":""},"categories":[1,28,56],"tags":[],"class_list":["post-15086","post","type-post","status-publish","format-standard","has-post-thumbnail","hentry","category-acontecer","category-actual","category-puerto-montt"],"rttpg_featured_image_url":{"full":["https:\/\/elconquistadorredloslagos.cl\/test\/wp-content\/uploads\/2025\/10\/img-49.jpg",1920,1080,false],"landscape":["https:\/\/elconquistadorredloslagos.cl\/test\/wp-content\/uploads\/2025\/10\/img-49.jpg",1920,1080,false],"portraits":["https:\/\/elconquistadorredloslagos.cl\/test\/wp-content\/uploads\/2025\/10\/img-49.jpg",1920,1080,false],"thumbnail":["https:\/\/elconquistadorredloslagos.cl\/test\/wp-content\/uploads\/2025\/10\/img-49-150x150.jpg",150,150,true],"medium":["https:\/\/elconquistadorredloslagos.cl\/test\/wp-content\/uploads\/2025\/10\/img-49-300x169.jpg",300,169,true],"large":["https:\/\/elconquistadorredloslagos.cl\/test\/wp-content\/uploads\/2025\/10\/img-49-1024x576.jpg",1024,576,true],"1536x1536":["https:\/\/elconquistadorredloslagos.cl\/test\/wp-content\/uploads\/2025\/10\/img-49-1536x864.jpg",1536,864,true],"2048x2048":["https:\/\/elconquistadorredloslagos.cl\/test\/wp-content\/uploads\/2025\/10\/img-49.jpg",1920,1080,false]},"rttpg_author":{"display_name":"ccardenas","author_link":"https:\/\/elconquistadorredloslagos.cl\/test\/blog\/author\/ccardenas\/"},"rttpg_comment":0,"rttpg_category":"<a href=\"https:\/\/elconquistadorredloslagos.cl\/test\/blog\/category\/actual\/acontecer\/\" rel=\"category tag\">Acontecer<\/a> <a href=\"https:\/\/elconquistadorredloslagos.cl\/test\/blog\/category\/actual\/\" rel=\"category tag\">Actualidad<\/a> <a href=\"https:\/\/elconquistadorredloslagos.cl\/test\/blog\/category\/chile\/puerto-montt\/\" rel=\"category tag\">Puerto Montt<\/a>","rttpg_excerpt":"Dos primas de 15 a\u00f1os resultaron con diversas lesiones luego de protagonizar un accidente de tr\u00e1nsito en la localidad de Caica\u00e9n, comuna de Calbuco, tras sacar sin autorizaci\u00f3n una camioneta..","_links":{"self":[{"href":"https:\/\/elconquistadorredloslagos.cl\/test\/wp-json\/wp\/v2\/posts\/15086","targetHints":{"allow":["GET"]}}],"collection":[{"href":"https:\/\/elconquistadorredloslagos.cl\/test\/wp-json\/wp\/v2\/posts"}],"about":[{"href":"https:\/\/elconquistadorredloslagos.cl\/test\/wp-json\/wp\/v2\/types\/post"}],"author":[{"embeddable":true,"href":"https:\/\/elconquistadorredloslagos.cl\/test\/wp-json\/wp\/v2\/users\/2"}],"replies":[{"embeddable":true,"href":"https:\/\/elconquistadorredloslagos.cl\/test\/wp-json\/wp\/v2\/comments?post=15086"}],"version-history":[{"count":1,"href":"https:\/\/elconquistadorredloslagos.cl\/test\/wp-json\/wp\/v2\/posts\/15086\/revisions"}],"predecessor-version":[{"id":15088,"href":"https:\/\/elconquistadorredloslagos.cl\/test\/wp-json\/wp\/v2\/posts\/15086\/revisions\/15088"}],"wp:featuredmedia":[{"embeddable":true,"href":"https:\/\/elconquistadorredloslagos.cl\/test\/wp-json\/wp\/v2\/media\/15087"}],"wp:attachment":[{"href":"https:\/\/elconquistadorredloslagos.cl\/test\/wp-json\/wp\/v2\/media?parent=15086"}],"wp:term":[{"taxonomy":"category","embeddable":true,"href":"https:\/\/elconquistadorredloslagos.cl\/test\/wp-json\/wp\/v2\/categories?post=15086"},{"taxonomy":"post_tag","embeddable":true,"href":"https:\/\/elconquistadorredloslagos.cl\/test\/wp-json\/wp\/v2\/tags?post=15086"}],"curies":[{"name":"wp","href":"https:\/\/api.w.org\/{rel}","templated":true}]}}