{"id":15074,"date":"2025-10-15T14:11:49","date_gmt":"2025-10-15T17:11:49","guid":{"rendered":"https:\/\/elconquistadorredloslagos.cl\/test\/?p=15074"},"modified":"2025-10-15T14:11:50","modified_gmt":"2025-10-15T17:11:50","slug":"dalcahue-afina-preparativos-para-recibir-la-regata-chiloe-bicentenario-2026","status":"publish","type":"post","link":"https:\/\/elconquistadorredloslagos.cl\/test\/blog\/2025\/10\/15\/dalcahue-afina-preparativos-para-recibir-la-regata-chiloe-bicentenario-2026\/","title":{"rendered":"Dalcahue afina preparativos para recibir la Regata Chilo\u00e9 Bicentenario 2026"},"content":{"rendered":"\n<p>La comuna de Dalcahue se alista para ser una de las sedes principales de la Regata Chilo\u00e9 Bicentenario 2026, evento n\u00e1utico de proyecci\u00f3n internacional que reunir\u00e1 a competidores y visitantes entre el 26 y el 28 de enero del pr\u00f3ximo a\u00f1o.<\/p>\n\n\n\n<p>En dependencias municipales, la alcaldesa Alejandra Villegas sostuvo una reuni\u00f3n con el representante del Yacht Club de Chile, Alfredo Ch\u00e1vez, y con Alejandro Bacot, junto al equipo de Esmax-Aramco, auspiciador oficial del certamen.<\/p>\n\n\n\n<p>Durante el encuentro se definieron aspectos log\u00edsticos y actividades especiales que se desarrollar\u00e1n en la comuna en el marco de la conmemoraci\u00f3n de los 200 a\u00f1os de Chilo\u00e9.<\/p>\n\n\n\n<p>El municipio destac\u00f3 que esta cita deportiva refuerza el posicionamiento de Dalcahue como destino clave del turismo y la cultura mar\u00edtima, impulsando el trabajo colaborativo y la proyecci\u00f3n del Archipi\u00e9lago hacia el Bicentenario.<\/p>\n","protected":false},"excerpt":{"rendered":"<p>La comuna de Dalcahue se alista para ser una de las sedes principales de la Regata Chilo\u00e9 Bicentenario 2026, evento n\u00e1utico de proyecci\u00f3n internacional que reunir\u00e1 a competidores y visitantes..<\/p>\n","protected":false},"author":2,"featured_media":15075,"comment_status":"closed","ping_status":"open","sticky":false,"template":"","format":"standard","meta":{"footnotes":""},"categories":[1,28,51],"tags":[],"class_list":["post-15074","post","type-post","status-publish","format-standard","has-post-thumbnail","hentry","category-acontecer","category-actual","category-chiloe"],"rttpg_featured_image_url":{"full":["https:\/\/elconquistadorredloslagos.cl\/test\/wp-content\/uploads\/2025\/10\/img2-11.jpg",1920,1080,false],"landscape":["https:\/\/elconquistadorredloslagos.cl\/test\/wp-content\/uploads\/2025\/10\/img2-11.jpg",1920,1080,false],"portraits":["https:\/\/elconquistadorredloslagos.cl\/test\/wp-content\/uploads\/2025\/10\/img2-11.jpg",1920,1080,false],"thumbnail":["https:\/\/elconquistadorredloslagos.cl\/test\/wp-content\/uploads\/2025\/10\/img2-11-150x150.jpg",150,150,true],"medium":["https:\/\/elconquistadorredloslagos.cl\/test\/wp-content\/uploads\/2025\/10\/img2-11-300x169.jpg",300,169,true],"large":["https:\/\/elconquistadorredloslagos.cl\/test\/wp-content\/uploads\/2025\/10\/img2-11-1024x576.jpg",1024,576,true],"1536x1536":["https:\/\/elconquistadorredloslagos.cl\/test\/wp-content\/uploads\/2025\/10\/img2-11-1536x864.jpg",1536,864,true],"2048x2048":["https:\/\/elconquistadorredloslagos.cl\/test\/wp-content\/uploads\/2025\/10\/img2-11.jpg",1920,1080,false]},"rttpg_author":{"display_name":"ccardenas","author_link":"https:\/\/elconquistadorredloslagos.cl\/test\/blog\/author\/ccardenas\/"},"rttpg_comment":0,"rttpg_category":"<a href=\"https:\/\/elconquistadorredloslagos.cl\/test\/blog\/category\/actual\/acontecer\/\" rel=\"category tag\">Acontecer<\/a> <a href=\"https:\/\/elconquistadorredloslagos.cl\/test\/blog\/category\/actual\/\" rel=\"category tag\">Actualidad<\/a> <a href=\"https:\/\/elconquistadorredloslagos.cl\/test\/blog\/category\/chile\/chiloe\/\" rel=\"category tag\">Chilo\u00e9<\/a>","rttpg_excerpt":"La comuna de Dalcahue se alista para ser una de las sedes principales de la Regata Chilo\u00e9 Bicentenario 2026, evento n\u00e1utico de proyecci\u00f3n internacional que reunir\u00e1 a competidores y visitantes..","_links":{"self":[{"href":"https:\/\/elconquistadorredloslagos.cl\/test\/wp-json\/wp\/v2\/posts\/15074","targetHints":{"allow":["GET"]}}],"collection":[{"href":"https:\/\/elconquistadorredloslagos.cl\/test\/wp-json\/wp\/v2\/posts"}],"about":[{"href":"https:\/\/elconquistadorredloslagos.cl\/test\/wp-json\/wp\/v2\/types\/post"}],"author":[{"embeddable":true,"href":"https:\/\/elconquistadorredloslagos.cl\/test\/wp-json\/wp\/v2\/users\/2"}],"replies":[{"embeddable":true,"href":"https:\/\/elconquistadorredloslagos.cl\/test\/wp-json\/wp\/v2\/comments?post=15074"}],"version-history":[{"count":1,"href":"https:\/\/elconquistadorredloslagos.cl\/test\/wp-json\/wp\/v2\/posts\/15074\/revisions"}],"predecessor-version":[{"id":15076,"href":"https:\/\/elconquistadorredloslagos.cl\/test\/wp-json\/wp\/v2\/posts\/15074\/revisions\/15076"}],"wp:featuredmedia":[{"embeddable":true,"href":"https:\/\/elconquistadorredloslagos.cl\/test\/wp-json\/wp\/v2\/media\/15075"}],"wp:attachment":[{"href":"https:\/\/elconquistadorredloslagos.cl\/test\/wp-json\/wp\/v2\/media?parent=15074"}],"wp:term":[{"taxonomy":"category","embeddable":true,"href":"https:\/\/elconquistadorredloslagos.cl\/test\/wp-json\/wp\/v2\/categories?post=15074"},{"taxonomy":"post_tag","embeddable":true,"href":"https:\/\/elconquistadorredloslagos.cl\/test\/wp-json\/wp\/v2\/tags?post=15074"}],"curies":[{"name":"wp","href":"https:\/\/api.w.org\/{rel}","templated":true}]}}