{"id":15068,"date":"2025-10-15T13:51:40","date_gmt":"2025-10-15T16:51:40","guid":{"rendered":"https:\/\/elconquistadorredloslagos.cl\/test\/?p=15068"},"modified":"2025-10-15T13:51:40","modified_gmt":"2025-10-15T16:51:40","slug":"fracasa-sesion-en-la-camara-por-ausencia-masiva-de-diputados-y-desata-ola-de-criticas","status":"publish","type":"post","link":"https:\/\/elconquistadorredloslagos.cl\/test\/blog\/2025\/10\/15\/fracasa-sesion-en-la-camara-por-ausencia-masiva-de-diputados-y-desata-ola-de-criticas\/","title":{"rendered":"Fracasa sesi\u00f3n en la C\u00e1mara por ausencia masiva de diputados y desata ola de cr\u00edticas"},"content":{"rendered":"\n<p>Un hecho ins\u00f3lito se registr\u00f3 la ma\u00f1ana de este mi\u00e9rcoles en la C\u00e1mara de Diputadas y Diputados, cuando la sesi\u00f3n prevista para la jornada debi\u00f3 ser suspendida por la falta de quorum. M\u00e1s de un centenar de parlamentarios no se presentaron a tiempo en la Sala, lo que impidi\u00f3 iniciar la discusi\u00f3n de los proyectos agendados.<\/p>\n\n\n\n<p>Aunque la ausencia de legisladores suele resolverse tocando los timbres para que regresen en un lapso de 15 minutos, esta vez el llamado fue en vano. La sesi\u00f3n termin\u00f3 fracasando, algo que no ocurr\u00eda desde 2021. Bastaban solo 50 de los 150 diputados para comenzar los debates.<\/p>\n\n\n\n<p>Tras el episodio, se activ\u00f3 un protocolo interno que incluy\u00f3 el cierre de puertas y pasillos contiguos para registrar la asistencia. Los parlamentarios ausentes arriesgan una multa equivalente al 2% de su dieta (unos 160 mil pesos) salvo quienes contaban con permisos formales o participaban en otras comisiones, como la que revisa la acusaci\u00f3n constitucional contra el ministro Antonio Ulloa.<\/p>\n\n\n\n<p>Algunos legisladores fueron vistos corriendo por los pasillos tras reuniones o declaraciones a la prensa, mientras otros simplemente se encontraban en la cafeter\u00eda. La fallida sesi\u00f3n ocurre en medio de un clima preelectoral, con varios diputados concentrados en sus campa\u00f1as de reelecci\u00f3n. Tras el bochorno, se convoc\u00f3 una nueva reuni\u00f3n de comit\u00e9 para intentar reprogramar la sesi\u00f3n durante la tarde.<\/p>\n\n\n\n<p><\/p>\n","protected":false},"excerpt":{"rendered":"<p>Un hecho ins\u00f3lito se registr\u00f3 la ma\u00f1ana de este mi\u00e9rcoles en la C\u00e1mara de Diputadas y Diputados, cuando la sesi\u00f3n prevista para la jornada debi\u00f3 ser suspendida por la falta..<\/p>\n","protected":false},"author":2,"featured_media":15069,"comment_status":"closed","ping_status":"open","sticky":false,"template":"","format":"standard","meta":{"footnotes":""},"categories":[1,28,52,38],"tags":[],"class_list":["post-15068","post","type-post","status-publish","format-standard","has-post-thumbnail","hentry","category-acontecer","category-actual","category-chile","category-politica"],"rttpg_featured_image_url":{"full":["https:\/\/elconquistadorredloslagos.cl\/test\/wp-content\/uploads\/2025\/10\/img2-9.jpg",1920,1080,false],"landscape":["https:\/\/elconquistadorredloslagos.cl\/test\/wp-content\/uploads\/2025\/10\/img2-9.jpg",1920,1080,false],"portraits":["https:\/\/elconquistadorredloslagos.cl\/test\/wp-content\/uploads\/2025\/10\/img2-9.jpg",1920,1080,false],"thumbnail":["https:\/\/elconquistadorredloslagos.cl\/test\/wp-content\/uploads\/2025\/10\/img2-9-150x150.jpg",150,150,true],"medium":["https:\/\/elconquistadorredloslagos.cl\/test\/wp-content\/uploads\/2025\/10\/img2-9-300x169.jpg",300,169,true],"large":["https:\/\/elconquistadorredloslagos.cl\/test\/wp-content\/uploads\/2025\/10\/img2-9-1024x576.jpg",1024,576,true],"1536x1536":["https:\/\/elconquistadorredloslagos.cl\/test\/wp-content\/uploads\/2025\/10\/img2-9-1536x864.jpg",1536,864,true],"2048x2048":["https:\/\/elconquistadorredloslagos.cl\/test\/wp-content\/uploads\/2025\/10\/img2-9.jpg",1920,1080,false]},"rttpg_author":{"display_name":"ccardenas","author_link":"https:\/\/elconquistadorredloslagos.cl\/test\/blog\/author\/ccardenas\/"},"rttpg_comment":0,"rttpg_category":"<a href=\"https:\/\/elconquistadorredloslagos.cl\/test\/blog\/category\/actual\/acontecer\/\" rel=\"category tag\">Acontecer<\/a> <a href=\"https:\/\/elconquistadorredloslagos.cl\/test\/blog\/category\/actual\/\" rel=\"category tag\">Actualidad<\/a> <a href=\"https:\/\/elconquistadorredloslagos.cl\/test\/blog\/category\/chile\/\" rel=\"category tag\">Nacional<\/a> <a href=\"https:\/\/elconquistadorredloslagos.cl\/test\/blog\/category\/actual\/politica\/\" rel=\"category tag\">Politica<\/a>","rttpg_excerpt":"Un hecho ins\u00f3lito se registr\u00f3 la ma\u00f1ana de este mi\u00e9rcoles en la C\u00e1mara de Diputadas y Diputados, cuando la sesi\u00f3n prevista para la jornada debi\u00f3 ser suspendida por la falta..","_links":{"self":[{"href":"https:\/\/elconquistadorredloslagos.cl\/test\/wp-json\/wp\/v2\/posts\/15068","targetHints":{"allow":["GET"]}}],"collection":[{"href":"https:\/\/elconquistadorredloslagos.cl\/test\/wp-json\/wp\/v2\/posts"}],"about":[{"href":"https:\/\/elconquistadorredloslagos.cl\/test\/wp-json\/wp\/v2\/types\/post"}],"author":[{"embeddable":true,"href":"https:\/\/elconquistadorredloslagos.cl\/test\/wp-json\/wp\/v2\/users\/2"}],"replies":[{"embeddable":true,"href":"https:\/\/elconquistadorredloslagos.cl\/test\/wp-json\/wp\/v2\/comments?post=15068"}],"version-history":[{"count":1,"href":"https:\/\/elconquistadorredloslagos.cl\/test\/wp-json\/wp\/v2\/posts\/15068\/revisions"}],"predecessor-version":[{"id":15070,"href":"https:\/\/elconquistadorredloslagos.cl\/test\/wp-json\/wp\/v2\/posts\/15068\/revisions\/15070"}],"wp:featuredmedia":[{"embeddable":true,"href":"https:\/\/elconquistadorredloslagos.cl\/test\/wp-json\/wp\/v2\/media\/15069"}],"wp:attachment":[{"href":"https:\/\/elconquistadorredloslagos.cl\/test\/wp-json\/wp\/v2\/media?parent=15068"}],"wp:term":[{"taxonomy":"category","embeddable":true,"href":"https:\/\/elconquistadorredloslagos.cl\/test\/wp-json\/wp\/v2\/categories?post=15068"},{"taxonomy":"post_tag","embeddable":true,"href":"https:\/\/elconquistadorredloslagos.cl\/test\/wp-json\/wp\/v2\/tags?post=15068"}],"curies":[{"name":"wp","href":"https:\/\/api.w.org\/{rel}","templated":true}]}}