{"id":15065,"date":"2025-10-15T13:45:14","date_gmt":"2025-10-15T16:45:14","guid":{"rendered":"https:\/\/elconquistadorredloslagos.cl\/test\/?p=15065"},"modified":"2025-10-15T13:45:14","modified_gmt":"2025-10-15T16:45:14","slug":"adulta-mayor-de-puerto-montt-regreso-a-su-casa-tras-encontrarse-desaparecida","status":"publish","type":"post","link":"https:\/\/elconquistadorredloslagos.cl\/test\/blog\/2025\/10\/15\/adulta-mayor-de-puerto-montt-regreso-a-su-casa-tras-encontrarse-desaparecida\/","title":{"rendered":"Adulta mayor de Puerto Montt regres\u00f3 a su casa tras encontrarse desaparecida"},"content":{"rendered":"\n<p>La b\u00fasqueda de Mar\u00eda Etelvina Coloane Vargas, vecina de 76 a\u00f1os de Puerto Montt, concluy\u00f3 con un final positivo. La mujer, que hab\u00eda sido reportada como desaparecida el lunes, regres\u00f3 por sus propios medios a su domicilio la ma\u00f1ana de este mi\u00e9rcoles, coincidiendo con el d\u00eda de su cumplea\u00f1os.<\/p>\n\n\n\n<p>Seg\u00fan inform\u00f3 Carabineros de la Secci\u00f3n de Encargo y B\u00fasqueda de Personas y Veh\u00edculos (SEBV), sus familiares hab\u00edan presentado una denuncia por presunta desgracia luego de perder contacto con ella el pasado lunes, tras salir de su vivienda en la poblaci\u00f3n Ebensperger cerca de las 09.45 horas. C\u00e1maras de seguridad la hab\u00edan registrado caminando por calle Chorrillos, en el sector Barrio Puerto.<\/p>\n\n\n\n<p>El caso fue investigado por instrucci\u00f3n de la Fiscal\u00eda, que orden\u00f3 un operativo nacional de b\u00fasqueda. Finalmente, personal de la SEBV confirm\u00f3 que la adulta mayor retorn\u00f3 en buen estado de salud a su hogar, por lo que el fiscal de turno dispuso dejar sin efecto el encargo nacional.<\/p>\n\n\n\n<p>La familia agradeci\u00f3 la r\u00e1pida labor policial y la colaboraci\u00f3n de la comunidad en la difusi\u00f3n de su desaparici\u00f3n.<\/p>\n\n\n\n<p>\ud83d\udcf7 Redes sociales<\/p>\n","protected":false},"excerpt":{"rendered":"<p>La b\u00fasqueda de Mar\u00eda Etelvina Coloane Vargas, vecina de 76 a\u00f1os de Puerto Montt, concluy\u00f3 con un final positivo. La mujer, que hab\u00eda sido reportada como desaparecida el lunes, regres\u00f3..<\/p>\n","protected":false},"author":2,"featured_media":15066,"comment_status":"closed","ping_status":"open","sticky":false,"template":"","format":"standard","meta":{"footnotes":""},"categories":[1,28,56],"tags":[],"class_list":["post-15065","post","type-post","status-publish","format-standard","has-post-thumbnail","hentry","category-acontecer","category-actual","category-puerto-montt"],"rttpg_featured_image_url":{"full":["https:\/\/elconquistadorredloslagos.cl\/test\/wp-content\/uploads\/2025\/10\/img2-8.jpg",1920,1080,false],"landscape":["https:\/\/elconquistadorredloslagos.cl\/test\/wp-content\/uploads\/2025\/10\/img2-8.jpg",1920,1080,false],"portraits":["https:\/\/elconquistadorredloslagos.cl\/test\/wp-content\/uploads\/2025\/10\/img2-8.jpg",1920,1080,false],"thumbnail":["https:\/\/elconquistadorredloslagos.cl\/test\/wp-content\/uploads\/2025\/10\/img2-8-150x150.jpg",150,150,true],"medium":["https:\/\/elconquistadorredloslagos.cl\/test\/wp-content\/uploads\/2025\/10\/img2-8-300x169.jpg",300,169,true],"large":["https:\/\/elconquistadorredloslagos.cl\/test\/wp-content\/uploads\/2025\/10\/img2-8-1024x576.jpg",1024,576,true],"1536x1536":["https:\/\/elconquistadorredloslagos.cl\/test\/wp-content\/uploads\/2025\/10\/img2-8-1536x864.jpg",1536,864,true],"2048x2048":["https:\/\/elconquistadorredloslagos.cl\/test\/wp-content\/uploads\/2025\/10\/img2-8.jpg",1920,1080,false]},"rttpg_author":{"display_name":"ccardenas","author_link":"https:\/\/elconquistadorredloslagos.cl\/test\/blog\/author\/ccardenas\/"},"rttpg_comment":0,"rttpg_category":"<a href=\"https:\/\/elconquistadorredloslagos.cl\/test\/blog\/category\/actual\/acontecer\/\" rel=\"category tag\">Acontecer<\/a> <a href=\"https:\/\/elconquistadorredloslagos.cl\/test\/blog\/category\/actual\/\" rel=\"category tag\">Actualidad<\/a> <a href=\"https:\/\/elconquistadorredloslagos.cl\/test\/blog\/category\/chile\/puerto-montt\/\" rel=\"category tag\">Puerto Montt<\/a>","rttpg_excerpt":"La b\u00fasqueda de Mar\u00eda Etelvina Coloane Vargas, vecina de 76 a\u00f1os de Puerto Montt, concluy\u00f3 con un final positivo. La mujer, que hab\u00eda sido reportada como desaparecida el lunes, regres\u00f3..","_links":{"self":[{"href":"https:\/\/elconquistadorredloslagos.cl\/test\/wp-json\/wp\/v2\/posts\/15065","targetHints":{"allow":["GET"]}}],"collection":[{"href":"https:\/\/elconquistadorredloslagos.cl\/test\/wp-json\/wp\/v2\/posts"}],"about":[{"href":"https:\/\/elconquistadorredloslagos.cl\/test\/wp-json\/wp\/v2\/types\/post"}],"author":[{"embeddable":true,"href":"https:\/\/elconquistadorredloslagos.cl\/test\/wp-json\/wp\/v2\/users\/2"}],"replies":[{"embeddable":true,"href":"https:\/\/elconquistadorredloslagos.cl\/test\/wp-json\/wp\/v2\/comments?post=15065"}],"version-history":[{"count":1,"href":"https:\/\/elconquistadorredloslagos.cl\/test\/wp-json\/wp\/v2\/posts\/15065\/revisions"}],"predecessor-version":[{"id":15067,"href":"https:\/\/elconquistadorredloslagos.cl\/test\/wp-json\/wp\/v2\/posts\/15065\/revisions\/15067"}],"wp:featuredmedia":[{"embeddable":true,"href":"https:\/\/elconquistadorredloslagos.cl\/test\/wp-json\/wp\/v2\/media\/15066"}],"wp:attachment":[{"href":"https:\/\/elconquistadorredloslagos.cl\/test\/wp-json\/wp\/v2\/media?parent=15065"}],"wp:term":[{"taxonomy":"category","embeddable":true,"href":"https:\/\/elconquistadorredloslagos.cl\/test\/wp-json\/wp\/v2\/categories?post=15065"},{"taxonomy":"post_tag","embeddable":true,"href":"https:\/\/elconquistadorredloslagos.cl\/test\/wp-json\/wp\/v2\/tags?post=15065"}],"curies":[{"name":"wp","href":"https:\/\/api.w.org\/{rel}","templated":true}]}}