{"id":15062,"date":"2025-10-15T13:36:52","date_gmt":"2025-10-15T16:36:52","guid":{"rendered":"https:\/\/elconquistadorredloslagos.cl\/test\/?p=15062"},"modified":"2025-10-15T13:36:53","modified_gmt":"2025-10-15T16:36:53","slug":"hombre-resulta-herido-tras-atacar-con-cuchillos-a-carabineros-en-los-muermos","status":"publish","type":"post","link":"https:\/\/elconquistadorredloslagos.cl\/test\/blog\/2025\/10\/15\/hombre-resulta-herido-tras-atacar-con-cuchillos-a-carabineros-en-los-muermos\/","title":{"rendered":"Hombre resulta herido tras atacar con cuchillos a carabineros en Los Muermos"},"content":{"rendered":"\n<p>Un hombre result\u00f3 herido a bala en una pierna luego de intentar agredir a funcionarios de Carabineros en la poblaci\u00f3n Pablo T\u00e9llez, en la comuna de Los Muermos. El hecho ocurri\u00f3 la tarde del martes, cuando los uniformados acudieron al lugar tras recibir un llamado al nivel 133 que denunciaba un caso de amenazas.<\/p>\n\n\n\n<p>De acuerdo con el mayor Cristian Sanhueza, comisario de la Tercera Comisar\u00eda de Maull\u00edn, al llegar al domicilio el individuo sali\u00f3 al encuentro de los funcionarios blandiendo tres cuchillos, con los que intent\u00f3 atacarlos. Ante el inminente riesgo, uno de los carabineros hizo uso de su arma de servicio, impactando al sujeto en una de sus extremidades inferiores.<\/p>\n\n\n\n<p>El herido fue auxiliado en el mismo lugar por los uniformados y trasladado posteriormente al Cesfam de Los Muermos, para luego ser derivado al Hospital de Puerto Montt, donde permanece fuera de riesgo vital.<\/p>\n\n\n\n<p>Seg\u00fan inform\u00f3 la polic\u00eda, el hombre posee un amplio prontuario delictual. Por instrucci\u00f3n del fiscal de turno, fue puesto a disposici\u00f3n del tribunal para el control de detenci\u00f3n. En tanto, personal de Laboratorio de Criminal\u00edstica de Carabineros (LABOCAR) y la Secci\u00f3n de Investigaci\u00f3n Policial (SIP) de Carabineros, realizaron peritajes en el sitio del suceso para establecer las circunstancias del ataque.<\/p>\n\n\n\n<p>\ud83d\udcf7 Referencial<\/p>\n","protected":false},"excerpt":{"rendered":"<p>Un hombre result\u00f3 herido a bala en una pierna luego de intentar agredir a funcionarios de Carabineros en la poblaci\u00f3n Pablo T\u00e9llez, en la comuna de Los Muermos. El hecho..<\/p>\n","protected":false},"author":2,"featured_media":15063,"comment_status":"closed","ping_status":"open","sticky":false,"template":"","format":"standard","meta":{"footnotes":""},"categories":[1,28,56],"tags":[],"class_list":["post-15062","post","type-post","status-publish","format-standard","has-post-thumbnail","hentry","category-acontecer","category-actual","category-puerto-montt"],"rttpg_featured_image_url":{"full":["https:\/\/elconquistadorredloslagos.cl\/test\/wp-content\/uploads\/2025\/10\/img2-7.jpg",1920,1080,false],"landscape":["https:\/\/elconquistadorredloslagos.cl\/test\/wp-content\/uploads\/2025\/10\/img2-7.jpg",1920,1080,false],"portraits":["https:\/\/elconquistadorredloslagos.cl\/test\/wp-content\/uploads\/2025\/10\/img2-7.jpg",1920,1080,false],"thumbnail":["https:\/\/elconquistadorredloslagos.cl\/test\/wp-content\/uploads\/2025\/10\/img2-7-150x150.jpg",150,150,true],"medium":["https:\/\/elconquistadorredloslagos.cl\/test\/wp-content\/uploads\/2025\/10\/img2-7-300x169.jpg",300,169,true],"large":["https:\/\/elconquistadorredloslagos.cl\/test\/wp-content\/uploads\/2025\/10\/img2-7-1024x576.jpg",1024,576,true],"1536x1536":["https:\/\/elconquistadorredloslagos.cl\/test\/wp-content\/uploads\/2025\/10\/img2-7-1536x864.jpg",1536,864,true],"2048x2048":["https:\/\/elconquistadorredloslagos.cl\/test\/wp-content\/uploads\/2025\/10\/img2-7.jpg",1920,1080,false]},"rttpg_author":{"display_name":"ccardenas","author_link":"https:\/\/elconquistadorredloslagos.cl\/test\/blog\/author\/ccardenas\/"},"rttpg_comment":0,"rttpg_category":"<a href=\"https:\/\/elconquistadorredloslagos.cl\/test\/blog\/category\/actual\/acontecer\/\" rel=\"category tag\">Acontecer<\/a> <a href=\"https:\/\/elconquistadorredloslagos.cl\/test\/blog\/category\/actual\/\" rel=\"category tag\">Actualidad<\/a> <a href=\"https:\/\/elconquistadorredloslagos.cl\/test\/blog\/category\/chile\/puerto-montt\/\" rel=\"category tag\">Puerto Montt<\/a>","rttpg_excerpt":"Un hombre result\u00f3 herido a bala en una pierna luego de intentar agredir a funcionarios de Carabineros en la poblaci\u00f3n Pablo T\u00e9llez, en la comuna de Los Muermos. El hecho..","_links":{"self":[{"href":"https:\/\/elconquistadorredloslagos.cl\/test\/wp-json\/wp\/v2\/posts\/15062","targetHints":{"allow":["GET"]}}],"collection":[{"href":"https:\/\/elconquistadorredloslagos.cl\/test\/wp-json\/wp\/v2\/posts"}],"about":[{"href":"https:\/\/elconquistadorredloslagos.cl\/test\/wp-json\/wp\/v2\/types\/post"}],"author":[{"embeddable":true,"href":"https:\/\/elconquistadorredloslagos.cl\/test\/wp-json\/wp\/v2\/users\/2"}],"replies":[{"embeddable":true,"href":"https:\/\/elconquistadorredloslagos.cl\/test\/wp-json\/wp\/v2\/comments?post=15062"}],"version-history":[{"count":1,"href":"https:\/\/elconquistadorredloslagos.cl\/test\/wp-json\/wp\/v2\/posts\/15062\/revisions"}],"predecessor-version":[{"id":15064,"href":"https:\/\/elconquistadorredloslagos.cl\/test\/wp-json\/wp\/v2\/posts\/15062\/revisions\/15064"}],"wp:featuredmedia":[{"embeddable":true,"href":"https:\/\/elconquistadorredloslagos.cl\/test\/wp-json\/wp\/v2\/media\/15063"}],"wp:attachment":[{"href":"https:\/\/elconquistadorredloslagos.cl\/test\/wp-json\/wp\/v2\/media?parent=15062"}],"wp:term":[{"taxonomy":"category","embeddable":true,"href":"https:\/\/elconquistadorredloslagos.cl\/test\/wp-json\/wp\/v2\/categories?post=15062"},{"taxonomy":"post_tag","embeddable":true,"href":"https:\/\/elconquistadorredloslagos.cl\/test\/wp-json\/wp\/v2\/tags?post=15062"}],"curies":[{"name":"wp","href":"https:\/\/api.w.org\/{rel}","templated":true}]}}