{"id":15058,"date":"2025-10-15T13:23:06","date_gmt":"2025-10-15T16:23:06","guid":{"rendered":"https:\/\/elconquistadorredloslagos.cl\/test\/?p=15058"},"modified":"2025-10-15T13:23:07","modified_gmt":"2025-10-15T16:23:07","slug":"gobernador-santana-pide-al-senado-frenar-presupuesto-regional-por-caida-de-recursos-en-los-lagos","status":"publish","type":"post","link":"https:\/\/elconquistadorredloslagos.cl\/test\/blog\/2025\/10\/15\/gobernador-santana-pide-al-senado-frenar-presupuesto-regional-por-caida-de-recursos-en-los-lagos\/","title":{"rendered":"Gobernador Santana pide al Senado frenar presupuesto regional por ca\u00edda de recursos en Los Lagos"},"content":{"rendered":"\n<p>El gobernador regional de Los Lagos, Alejandro Santana, solicit\u00f3 al Senado rechazar la partida del Presupuesto 2026 destinada a los gobiernos regionales, ante la disminuci\u00f3n de recursos proyectada para la zona. Su petici\u00f3n busca que la glosa sea revisada por la Subcomisi\u00f3n Mixta de Presupuestos y as\u00ed garantizar la transferencia efectiva de fondos.<\/p>\n\n\n\n<p>Durante su exposici\u00f3n en la C\u00e1mara Alta, acompa\u00f1ado por los diputados Mauro Gonz\u00e1lez y Daniel Lilay\u00fa, adem\u00e1s del jefe de la Divisi\u00f3n de Presupuesto e Inversi\u00f3n Regional, Crist\u00f3bal Silva, Santana advirti\u00f3 que la propuesta del Ejecutivo reduce en un 2,3% el presupuesto operacional del Gore y en un 4,5% los recursos para inversi\u00f3n.<\/p>\n\n\n\n<figure class=\"wp-block-audio\"><audio controls src=\"https:\/\/elconquistadorredloslagos.cl\/test\/wp-content\/uploads\/2025\/10\/CUNA-SANTANA-1.mp3\"><\/audio><\/figure>\n\n\n\n<p>Santana ejemplific\u00f3 que, pese a que el Congreso aprob\u00f3 $216 mil millones para 2025, el presupuesto final fue de $110 mil millones. Adem\u00e1s, cuestion\u00f3 que la Dipres no haya reconocido el decreto de eficiencia, lo que impide al Gore recibir cerca de $6 mil millones.<\/p>\n\n\n\n<p>El jefe regional sum\u00f3 su voz a otros gobernadores que denunciaron recortes en sus partidas, recordando que los gobiernos regionales representan apenas el 2,07% del gasto nacional.<\/p>\n","protected":false},"excerpt":{"rendered":"<p>El gobernador regional de Los Lagos, Alejandro Santana, solicit\u00f3 al Senado rechazar la partida del Presupuesto 2026 destinada a los gobiernos regionales, ante la disminuci\u00f3n de recursos proyectada para la..<\/p>\n","protected":false},"author":2,"featured_media":15060,"comment_status":"closed","ping_status":"open","sticky":false,"template":"","format":"standard","meta":{"footnotes":""},"categories":[1,28,56],"tags":[],"class_list":["post-15058","post","type-post","status-publish","format-standard","has-post-thumbnail","hentry","category-acontecer","category-actual","category-puerto-montt"],"rttpg_featured_image_url":{"full":["https:\/\/elconquistadorredloslagos.cl\/test\/wp-content\/uploads\/2025\/10\/img2-6.jpg",1920,1080,false],"landscape":["https:\/\/elconquistadorredloslagos.cl\/test\/wp-content\/uploads\/2025\/10\/img2-6.jpg",1920,1080,false],"portraits":["https:\/\/elconquistadorredloslagos.cl\/test\/wp-content\/uploads\/2025\/10\/img2-6.jpg",1920,1080,false],"thumbnail":["https:\/\/elconquistadorredloslagos.cl\/test\/wp-content\/uploads\/2025\/10\/img2-6-150x150.jpg",150,150,true],"medium":["https:\/\/elconquistadorredloslagos.cl\/test\/wp-content\/uploads\/2025\/10\/img2-6-300x169.jpg",300,169,true],"large":["https:\/\/elconquistadorredloslagos.cl\/test\/wp-content\/uploads\/2025\/10\/img2-6-1024x576.jpg",1024,576,true],"1536x1536":["https:\/\/elconquistadorredloslagos.cl\/test\/wp-content\/uploads\/2025\/10\/img2-6-1536x864.jpg",1536,864,true],"2048x2048":["https:\/\/elconquistadorredloslagos.cl\/test\/wp-content\/uploads\/2025\/10\/img2-6.jpg",1920,1080,false]},"rttpg_author":{"display_name":"ccardenas","author_link":"https:\/\/elconquistadorredloslagos.cl\/test\/blog\/author\/ccardenas\/"},"rttpg_comment":0,"rttpg_category":"<a href=\"https:\/\/elconquistadorredloslagos.cl\/test\/blog\/category\/actual\/acontecer\/\" rel=\"category tag\">Acontecer<\/a> <a href=\"https:\/\/elconquistadorredloslagos.cl\/test\/blog\/category\/actual\/\" rel=\"category tag\">Actualidad<\/a> <a href=\"https:\/\/elconquistadorredloslagos.cl\/test\/blog\/category\/chile\/puerto-montt\/\" rel=\"category tag\">Puerto Montt<\/a>","rttpg_excerpt":"El gobernador regional de Los Lagos, Alejandro Santana, solicit\u00f3 al Senado rechazar la partida del Presupuesto 2026 destinada a los gobiernos regionales, ante la disminuci\u00f3n de recursos proyectada para la..","_links":{"self":[{"href":"https:\/\/elconquistadorredloslagos.cl\/test\/wp-json\/wp\/v2\/posts\/15058","targetHints":{"allow":["GET"]}}],"collection":[{"href":"https:\/\/elconquistadorredloslagos.cl\/test\/wp-json\/wp\/v2\/posts"}],"about":[{"href":"https:\/\/elconquistadorredloslagos.cl\/test\/wp-json\/wp\/v2\/types\/post"}],"author":[{"embeddable":true,"href":"https:\/\/elconquistadorredloslagos.cl\/test\/wp-json\/wp\/v2\/users\/2"}],"replies":[{"embeddable":true,"href":"https:\/\/elconquistadorredloslagos.cl\/test\/wp-json\/wp\/v2\/comments?post=15058"}],"version-history":[{"count":1,"href":"https:\/\/elconquistadorredloslagos.cl\/test\/wp-json\/wp\/v2\/posts\/15058\/revisions"}],"predecessor-version":[{"id":15061,"href":"https:\/\/elconquistadorredloslagos.cl\/test\/wp-json\/wp\/v2\/posts\/15058\/revisions\/15061"}],"wp:featuredmedia":[{"embeddable":true,"href":"https:\/\/elconquistadorredloslagos.cl\/test\/wp-json\/wp\/v2\/media\/15060"}],"wp:attachment":[{"href":"https:\/\/elconquistadorredloslagos.cl\/test\/wp-json\/wp\/v2\/media?parent=15058"}],"wp:term":[{"taxonomy":"category","embeddable":true,"href":"https:\/\/elconquistadorredloslagos.cl\/test\/wp-json\/wp\/v2\/categories?post=15058"},{"taxonomy":"post_tag","embeddable":true,"href":"https:\/\/elconquistadorredloslagos.cl\/test\/wp-json\/wp\/v2\/tags?post=15058"}],"curies":[{"name":"wp","href":"https:\/\/api.w.org\/{rel}","templated":true}]}}