{"id":15055,"date":"2025-10-15T10:07:46","date_gmt":"2025-10-15T13:07:46","guid":{"rendered":"https:\/\/elconquistadorredloslagos.cl\/test\/?p=15055"},"modified":"2025-10-15T10:07:47","modified_gmt":"2025-10-15T13:07:47","slug":"puerto-montt-busca-construir-su-propia-calle-techada-en-el-centro","status":"publish","type":"post","link":"https:\/\/elconquistadorredloslagos.cl\/test\/blog\/2025\/10\/15\/puerto-montt-busca-construir-su-propia-calle-techada-en-el-centro\/","title":{"rendered":"Puerto Montt busca construir su propia calle techada en el centro"},"content":{"rendered":"\n<p>El <strong>Concejo Municipal de Puerto Montt<\/strong> aprob\u00f3 de forma un\u00e1nime una <strong>modificaci\u00f3n presupuestaria de $55 millones<\/strong> para financiar el estudio t\u00e9cnico de un proyecto que busca construir una <strong>calle techada en pleno centro de la ciudad<\/strong>.<\/p>\n\n\n\n<p>La iniciativa, desarrollada por la <strong>Secretar\u00eda Comunal de Planificaci\u00f3n (Secplan)<\/strong>, se emplazar\u00e1 en la <strong>calle San Mart\u00edn<\/strong>, junto a la Plaza de Armas y la ex gobernaci\u00f3n. El objetivo es crear un nuevo espacio p\u00fablico que fomente la actividad econ\u00f3mica, el comercio, el turismo y el desarrollo de eventos culturales.<\/p>\n\n\n\n<p>El alcalde <strong>Rodrigo Wainraihgt<\/strong> destac\u00f3 la importancia de la propuesta:<\/p>\n\n\n\n<blockquote class=\"wp-block-quote is-layout-flow wp-block-quote-is-layout-flow\">\n<p>\u201cEste proyecto va a permitir entregar un lugar de primer nivel para nuestros emprendedores, artesanos y tambi\u00e9n para el desarrollo de actividades culturales y art\u00edsticas\u201d.<\/p>\n<\/blockquote>\n\n\n\n<h2 class=\"wp-block-heading\">Un espacio moderno y adaptable<\/h2>\n\n\n\n<p>El dise\u00f1o contempla una <strong>estructura cubierta de 900 m\u00b2<\/strong>, con acero y muros vidriados que podr\u00e1n abrirse o cerrarse seg\u00fan las condiciones clim\u00e1ticas. La cubierta, de acero inoxidable, tendr\u00e1 una <strong>forma ondulada que simula las escamas de un pez<\/strong>, integrando elementos identitarios locales.<\/p>\n\n\n\n<blockquote class=\"wp-block-quote is-layout-flow wp-block-quote-is-layout-flow\">\n<p>\u201cAqu\u00ed vamos a tener un lugar que, adem\u00e1s de moderno, va a tener la posibilidad de cerrarse completamente. Eso permitir\u00e1 que, cuando haya lluvia o viento, podamos llevar adelante actividades sin interrupciones\u201d, agreg\u00f3 el alcalde.<\/p>\n<\/blockquote>\n\n\n\n<p>El proyecto tambi\u00e9n considera <strong>ba\u00f1os p\u00fablicos<\/strong>, <strong>nivelaci\u00f3n de pavimentos para mejorar accesibilidad universal<\/strong>, la <strong>habilitaci\u00f3n de 3.800 m\u00b2 de \u00e1reas verdes<\/strong>, mobiliario modular e iluminaci\u00f3n eficiente.<\/p>\n\n\n\n<h2 class=\"wp-block-heading\">Plazos y proyecciones<\/h2>\n\n\n\n<p>El coordinador del Departamento de Proyectos de la Secplan, <strong>Ernes Hillmer<\/strong>, explic\u00f3 que la intervenci\u00f3n busca \u201c<strong>revalorizar el espacio p\u00fablico central mediante un dise\u00f1o contempor\u00e1neo y funcional<\/strong>, capaz de articular flujos peatonales y favorecer su uso continuo\u201d.<\/p>\n\n\n\n<p>En tanto, el concejal <strong>Fernando Binder<\/strong>, presidente de la Comisi\u00f3n de Infraestructura, record\u00f3 que ya exist\u00edan intentos anteriores por concretar una iniciativa similar. Indic\u00f3 que el <strong>estudio de especialidades tendr\u00e1 resultados en tres a cinco meses<\/strong>, lo que permitir\u00e1 solicitar los recursos para ejecutar la obra durante el pr\u00f3ximo a\u00f1o.<\/p>\n","protected":false},"excerpt":{"rendered":"<p>El Concejo Municipal de Puerto Montt aprob\u00f3 de forma un\u00e1nime una modificaci\u00f3n presupuestaria de $55 millones para financiar el estudio t\u00e9cnico de un proyecto que busca construir una calle techada..<\/p>\n","protected":false},"author":7,"featured_media":15056,"comment_status":"closed","ping_status":"open","sticky":false,"template":"","format":"standard","meta":{"footnotes":""},"categories":[28,56],"tags":[],"class_list":["post-15055","post","type-post","status-publish","format-standard","has-post-thumbnail","hentry","category-actual","category-puerto-montt"],"rttpg_featured_image_url":{"full":["https:\/\/elconquistadorredloslagos.cl\/test\/wp-content\/uploads\/2025\/10\/calle-techada-puerto-montt.png",1920,1080,false],"landscape":["https:\/\/elconquistadorredloslagos.cl\/test\/wp-content\/uploads\/2025\/10\/calle-techada-puerto-montt.png",1920,1080,false],"portraits":["https:\/\/elconquistadorredloslagos.cl\/test\/wp-content\/uploads\/2025\/10\/calle-techada-puerto-montt.png",1920,1080,false],"thumbnail":["https:\/\/elconquistadorredloslagos.cl\/test\/wp-content\/uploads\/2025\/10\/calle-techada-puerto-montt-150x150.png",150,150,true],"medium":["https:\/\/elconquistadorredloslagos.cl\/test\/wp-content\/uploads\/2025\/10\/calle-techada-puerto-montt-300x169.png",300,169,true],"large":["https:\/\/elconquistadorredloslagos.cl\/test\/wp-content\/uploads\/2025\/10\/calle-techada-puerto-montt-1024x576.png",1024,576,true],"1536x1536":["https:\/\/elconquistadorredloslagos.cl\/test\/wp-content\/uploads\/2025\/10\/calle-techada-puerto-montt-1536x864.png",1536,864,true],"2048x2048":["https:\/\/elconquistadorredloslagos.cl\/test\/wp-content\/uploads\/2025\/10\/calle-techada-puerto-montt.png",1920,1080,false]},"rttpg_author":{"display_name":"enzodelahoz1988","author_link":"https:\/\/elconquistadorredloslagos.cl\/test\/blog\/author\/enzodelahoz1988\/"},"rttpg_comment":0,"rttpg_category":"<a href=\"https:\/\/elconquistadorredloslagos.cl\/test\/blog\/category\/actual\/\" rel=\"category tag\">Actualidad<\/a> <a href=\"https:\/\/elconquistadorredloslagos.cl\/test\/blog\/category\/chile\/puerto-montt\/\" rel=\"category tag\">Puerto Montt<\/a>","rttpg_excerpt":"El Concejo Municipal de Puerto Montt aprob\u00f3 de forma un\u00e1nime una modificaci\u00f3n presupuestaria de $55 millones para financiar el estudio t\u00e9cnico de un proyecto que busca construir una calle techada..","_links":{"self":[{"href":"https:\/\/elconquistadorredloslagos.cl\/test\/wp-json\/wp\/v2\/posts\/15055","targetHints":{"allow":["GET"]}}],"collection":[{"href":"https:\/\/elconquistadorredloslagos.cl\/test\/wp-json\/wp\/v2\/posts"}],"about":[{"href":"https:\/\/elconquistadorredloslagos.cl\/test\/wp-json\/wp\/v2\/types\/post"}],"author":[{"embeddable":true,"href":"https:\/\/elconquistadorredloslagos.cl\/test\/wp-json\/wp\/v2\/users\/7"}],"replies":[{"embeddable":true,"href":"https:\/\/elconquistadorredloslagos.cl\/test\/wp-json\/wp\/v2\/comments?post=15055"}],"version-history":[{"count":1,"href":"https:\/\/elconquistadorredloslagos.cl\/test\/wp-json\/wp\/v2\/posts\/15055\/revisions"}],"predecessor-version":[{"id":15057,"href":"https:\/\/elconquistadorredloslagos.cl\/test\/wp-json\/wp\/v2\/posts\/15055\/revisions\/15057"}],"wp:featuredmedia":[{"embeddable":true,"href":"https:\/\/elconquistadorredloslagos.cl\/test\/wp-json\/wp\/v2\/media\/15056"}],"wp:attachment":[{"href":"https:\/\/elconquistadorredloslagos.cl\/test\/wp-json\/wp\/v2\/media?parent=15055"}],"wp:term":[{"taxonomy":"category","embeddable":true,"href":"https:\/\/elconquistadorredloslagos.cl\/test\/wp-json\/wp\/v2\/categories?post=15055"},{"taxonomy":"post_tag","embeddable":true,"href":"https:\/\/elconquistadorredloslagos.cl\/test\/wp-json\/wp\/v2\/tags?post=15055"}],"curies":[{"name":"wp","href":"https:\/\/api.w.org\/{rel}","templated":true}]}}