{"id":15037,"date":"2025-10-14T15:05:36","date_gmt":"2025-10-14T18:05:36","guid":{"rendered":"https:\/\/elconquistadorredloslagos.cl\/test\/?p=15037"},"modified":"2025-10-14T15:05:37","modified_gmt":"2025-10-14T18:05:37","slug":"castro-se-instala-como-la-tercera-ciudad-mas-golpeada-por-el-crimen-organizado-en-los-lagos","status":"publish","type":"post","link":"https:\/\/elconquistadorredloslagos.cl\/test\/blog\/2025\/10\/14\/castro-se-instala-como-la-tercera-ciudad-mas-golpeada-por-el-crimen-organizado-en-los-lagos\/","title":{"rendered":"Castro se instala como la tercera ciudad m\u00e1s golpeada por el crimen organizado en Los Lagos"},"content":{"rendered":"\n<p>Castro vuelve a estar en el centro del debate regional, esta vez por un preocupante diagn\u00f3stico: la capital provincial de Chilo\u00e9 es la tercera comuna de la regi\u00f3n de Los Lagos m\u00e1s afectada por el crimen organizado, seg\u00fan un informe elaborado por el Centro de Estudios en Seguridad y Crimen Organizado de la Universidad San Sebasti\u00e1n.<\/p>\n\n\n\n<p>El estudio detalla que durante 2024 se registraron 302 hechos delictivos en la ciudad, consolidando un incremento sostenido en los \u00faltimos a\u00f1os. La situaci\u00f3n genera inquietud entre dirigentes vecinales y el comercio local, que advierten un deterioro en la sensaci\u00f3n de seguridad.<\/p>\n\n\n\n<p>Iv\u00e1n Labr\u00edn, presidente de la Uni\u00f3n Comunal de Juntas de Vecinos Urbanas \u201cEsteban Antihual\u201d, sostuvo que \u201cel aumento de personas que no son de la zona coincide con m\u00e1s delitos. Es algo que las autoridades deben revisar\u201d.<\/p>\n\n\n\n<p>Desde la C\u00e1mara de Comercio de Castro, su presidente Julio Candia afirm\u00f3 que el problema es m\u00e1s profundo de lo que muestran las cifras. \u201cHay muchos casos que no se denuncian, y eso distorsiona la realidad\u201d, advirti\u00f3.<\/p>\n\n\n\n<p><\/p>\n","protected":false},"excerpt":{"rendered":"<p>Castro vuelve a estar en el centro del debate regional, esta vez por un preocupante diagn\u00f3stico: la capital provincial de Chilo\u00e9 es la tercera comuna de la regi\u00f3n de Los..<\/p>\n","protected":false},"author":2,"featured_media":15038,"comment_status":"closed","ping_status":"open","sticky":false,"template":"","format":"standard","meta":{"footnotes":""},"categories":[1,28,51],"tags":[],"class_list":["post-15037","post","type-post","status-publish","format-standard","has-post-thumbnail","hentry","category-acontecer","category-actual","category-chiloe"],"rttpg_featured_image_url":{"full":["https:\/\/elconquistadorredloslagos.cl\/test\/wp-content\/uploads\/2025\/10\/img2-4.jpg",1920,1080,false],"landscape":["https:\/\/elconquistadorredloslagos.cl\/test\/wp-content\/uploads\/2025\/10\/img2-4.jpg",1920,1080,false],"portraits":["https:\/\/elconquistadorredloslagos.cl\/test\/wp-content\/uploads\/2025\/10\/img2-4.jpg",1920,1080,false],"thumbnail":["https:\/\/elconquistadorredloslagos.cl\/test\/wp-content\/uploads\/2025\/10\/img2-4-150x150.jpg",150,150,true],"medium":["https:\/\/elconquistadorredloslagos.cl\/test\/wp-content\/uploads\/2025\/10\/img2-4-300x169.jpg",300,169,true],"large":["https:\/\/elconquistadorredloslagos.cl\/test\/wp-content\/uploads\/2025\/10\/img2-4-1024x576.jpg",1024,576,true],"1536x1536":["https:\/\/elconquistadorredloslagos.cl\/test\/wp-content\/uploads\/2025\/10\/img2-4-1536x864.jpg",1536,864,true],"2048x2048":["https:\/\/elconquistadorredloslagos.cl\/test\/wp-content\/uploads\/2025\/10\/img2-4.jpg",1920,1080,false]},"rttpg_author":{"display_name":"ccardenas","author_link":"https:\/\/elconquistadorredloslagos.cl\/test\/blog\/author\/ccardenas\/"},"rttpg_comment":0,"rttpg_category":"<a href=\"https:\/\/elconquistadorredloslagos.cl\/test\/blog\/category\/actual\/acontecer\/\" rel=\"category tag\">Acontecer<\/a> <a href=\"https:\/\/elconquistadorredloslagos.cl\/test\/blog\/category\/actual\/\" rel=\"category tag\">Actualidad<\/a> <a href=\"https:\/\/elconquistadorredloslagos.cl\/test\/blog\/category\/chile\/chiloe\/\" rel=\"category tag\">Chilo\u00e9<\/a>","rttpg_excerpt":"Castro vuelve a estar en el centro del debate regional, esta vez por un preocupante diagn\u00f3stico: la capital provincial de Chilo\u00e9 es la tercera comuna de la regi\u00f3n de Los..","_links":{"self":[{"href":"https:\/\/elconquistadorredloslagos.cl\/test\/wp-json\/wp\/v2\/posts\/15037","targetHints":{"allow":["GET"]}}],"collection":[{"href":"https:\/\/elconquistadorredloslagos.cl\/test\/wp-json\/wp\/v2\/posts"}],"about":[{"href":"https:\/\/elconquistadorredloslagos.cl\/test\/wp-json\/wp\/v2\/types\/post"}],"author":[{"embeddable":true,"href":"https:\/\/elconquistadorredloslagos.cl\/test\/wp-json\/wp\/v2\/users\/2"}],"replies":[{"embeddable":true,"href":"https:\/\/elconquistadorredloslagos.cl\/test\/wp-json\/wp\/v2\/comments?post=15037"}],"version-history":[{"count":1,"href":"https:\/\/elconquistadorredloslagos.cl\/test\/wp-json\/wp\/v2\/posts\/15037\/revisions"}],"predecessor-version":[{"id":15039,"href":"https:\/\/elconquistadorredloslagos.cl\/test\/wp-json\/wp\/v2\/posts\/15037\/revisions\/15039"}],"wp:featuredmedia":[{"embeddable":true,"href":"https:\/\/elconquistadorredloslagos.cl\/test\/wp-json\/wp\/v2\/media\/15038"}],"wp:attachment":[{"href":"https:\/\/elconquistadorredloslagos.cl\/test\/wp-json\/wp\/v2\/media?parent=15037"}],"wp:term":[{"taxonomy":"category","embeddable":true,"href":"https:\/\/elconquistadorredloslagos.cl\/test\/wp-json\/wp\/v2\/categories?post=15037"},{"taxonomy":"post_tag","embeddable":true,"href":"https:\/\/elconquistadorredloslagos.cl\/test\/wp-json\/wp\/v2\/tags?post=15037"}],"curies":[{"name":"wp","href":"https:\/\/api.w.org\/{rel}","templated":true}]}}