{"id":15025,"date":"2025-10-14T14:12:13","date_gmt":"2025-10-14T17:12:13","guid":{"rendered":"https:\/\/elconquistadorredloslagos.cl\/test\/?p=15025"},"modified":"2025-10-14T14:12:14","modified_gmt":"2025-10-14T17:12:14","slug":"tres-detenidos-por-violento-asalto-en-puerto-montt-complican-formalizacion-judicial","status":"publish","type":"post","link":"https:\/\/elconquistadorredloslagos.cl\/test\/blog\/2025\/10\/14\/tres-detenidos-por-violento-asalto-en-puerto-montt-complican-formalizacion-judicial\/","title":{"rendered":"Tres detenidos por violento asalto en Puerto Montt complican formalizaci\u00f3n judicial"},"content":{"rendered":"\n<p>Dos hombres y una mujer fueron arrestados por Carabineros tras un violento robo a un automovilista en el sector costero de Pelluhu\u00edn, Puerto Montt. El incidente ocurri\u00f3 el domingo, cuando los imputados sustrajeron un Suzuki Alto y agredieron a la v\u00edctima, quien sufri\u00f3 lesiones leves y fue atendida en el Hospital de Puerto Montt.<\/p>\n\n\n\n<p>Los tres detenidos, todos con antecedentes penales que van de 10 a 23 reiteraciones por diversos delitos, fueron capturados mientras se movilizaban en el veh\u00edculo robado por avenida Presidente Ib\u00e1\u00f1ez, frente a la poblaci\u00f3n La Colina. Entre sus registros destacan robos, hurtos, lesiones y violencia intrafamiliar. La mujer adem\u00e1s ten\u00eda una orden de aprehensi\u00f3n vigente por desacato.<\/p>\n\n\n\n<p>Durante la audiencia en el Juzgado de Garant\u00eda, la defensa solicit\u00f3 ampliar la detenci\u00f3n, argumentando que la imputada tendr\u00eda una relaci\u00f3n sentimental con la v\u00edctima, lo que podr\u00eda modificar la versi\u00f3n de los hechos. La Fiscal\u00eda y el tribunal acordaron extender la detenci\u00f3n por 72 horas para recopilar antecedentes adicionales y definir las medidas cautelares.<\/p>\n\n\n\n<p>El juez Francisco Almonacid confirm\u00f3 que la ampliaci\u00f3n se ajusta a derecho y fij\u00f3 la nueva audiencia de formalizaci\u00f3n para el jueves 16 de octubre a las 11.00 horas, con ingreso de los detenidos al penal de Alto Bonito.<\/p>\n\n\n\n<p>\ud83d\udcf7 Redes sociales<\/p>\n","protected":false},"excerpt":{"rendered":"<p>Dos hombres y una mujer fueron arrestados por Carabineros tras un violento robo a un automovilista en el sector costero de Pelluhu\u00edn, Puerto Montt. El incidente ocurri\u00f3 el domingo, cuando..<\/p>\n","protected":false},"author":2,"featured_media":15026,"comment_status":"closed","ping_status":"open","sticky":false,"template":"","format":"standard","meta":{"footnotes":""},"categories":[1,28,56],"tags":[],"class_list":["post-15025","post","type-post","status-publish","format-standard","has-post-thumbnail","hentry","category-acontecer","category-actual","category-puerto-montt"],"rttpg_featured_image_url":{"full":["https:\/\/elconquistadorredloslagos.cl\/test\/wp-content\/uploads\/2025\/10\/img2-3.jpg",1920,1080,false],"landscape":["https:\/\/elconquistadorredloslagos.cl\/test\/wp-content\/uploads\/2025\/10\/img2-3.jpg",1920,1080,false],"portraits":["https:\/\/elconquistadorredloslagos.cl\/test\/wp-content\/uploads\/2025\/10\/img2-3.jpg",1920,1080,false],"thumbnail":["https:\/\/elconquistadorredloslagos.cl\/test\/wp-content\/uploads\/2025\/10\/img2-3-150x150.jpg",150,150,true],"medium":["https:\/\/elconquistadorredloslagos.cl\/test\/wp-content\/uploads\/2025\/10\/img2-3-300x169.jpg",300,169,true],"large":["https:\/\/elconquistadorredloslagos.cl\/test\/wp-content\/uploads\/2025\/10\/img2-3-1024x576.jpg",1024,576,true],"1536x1536":["https:\/\/elconquistadorredloslagos.cl\/test\/wp-content\/uploads\/2025\/10\/img2-3-1536x864.jpg",1536,864,true],"2048x2048":["https:\/\/elconquistadorredloslagos.cl\/test\/wp-content\/uploads\/2025\/10\/img2-3.jpg",1920,1080,false]},"rttpg_author":{"display_name":"ccardenas","author_link":"https:\/\/elconquistadorredloslagos.cl\/test\/blog\/author\/ccardenas\/"},"rttpg_comment":0,"rttpg_category":"<a href=\"https:\/\/elconquistadorredloslagos.cl\/test\/blog\/category\/actual\/acontecer\/\" rel=\"category tag\">Acontecer<\/a> <a href=\"https:\/\/elconquistadorredloslagos.cl\/test\/blog\/category\/actual\/\" rel=\"category tag\">Actualidad<\/a> <a href=\"https:\/\/elconquistadorredloslagos.cl\/test\/blog\/category\/chile\/puerto-montt\/\" rel=\"category tag\">Puerto Montt<\/a>","rttpg_excerpt":"Dos hombres y una mujer fueron arrestados por Carabineros tras un violento robo a un automovilista en el sector costero de Pelluhu\u00edn, Puerto Montt. El incidente ocurri\u00f3 el domingo, cuando..","_links":{"self":[{"href":"https:\/\/elconquistadorredloslagos.cl\/test\/wp-json\/wp\/v2\/posts\/15025","targetHints":{"allow":["GET"]}}],"collection":[{"href":"https:\/\/elconquistadorredloslagos.cl\/test\/wp-json\/wp\/v2\/posts"}],"about":[{"href":"https:\/\/elconquistadorredloslagos.cl\/test\/wp-json\/wp\/v2\/types\/post"}],"author":[{"embeddable":true,"href":"https:\/\/elconquistadorredloslagos.cl\/test\/wp-json\/wp\/v2\/users\/2"}],"replies":[{"embeddable":true,"href":"https:\/\/elconquistadorredloslagos.cl\/test\/wp-json\/wp\/v2\/comments?post=15025"}],"version-history":[{"count":1,"href":"https:\/\/elconquistadorredloslagos.cl\/test\/wp-json\/wp\/v2\/posts\/15025\/revisions"}],"predecessor-version":[{"id":15027,"href":"https:\/\/elconquistadorredloslagos.cl\/test\/wp-json\/wp\/v2\/posts\/15025\/revisions\/15027"}],"wp:featuredmedia":[{"embeddable":true,"href":"https:\/\/elconquistadorredloslagos.cl\/test\/wp-json\/wp\/v2\/media\/15026"}],"wp:attachment":[{"href":"https:\/\/elconquistadorredloslagos.cl\/test\/wp-json\/wp\/v2\/media?parent=15025"}],"wp:term":[{"taxonomy":"category","embeddable":true,"href":"https:\/\/elconquistadorredloslagos.cl\/test\/wp-json\/wp\/v2\/categories?post=15025"},{"taxonomy":"post_tag","embeddable":true,"href":"https:\/\/elconquistadorredloslagos.cl\/test\/wp-json\/wp\/v2\/tags?post=15025"}],"curies":[{"name":"wp","href":"https:\/\/api.w.org\/{rel}","templated":true}]}}