{"id":15022,"date":"2025-10-14T14:06:03","date_gmt":"2025-10-14T17:06:03","guid":{"rendered":"https:\/\/elconquistadorredloslagos.cl\/test\/?p=15022"},"modified":"2025-10-14T14:06:03","modified_gmt":"2025-10-14T17:06:03","slug":"falla-en-esposas-retrasa-audiencia-de-imputada-en-tribunal-de-puerto-montt","status":"publish","type":"post","link":"https:\/\/elconquistadorredloslagos.cl\/test\/blog\/2025\/10\/14\/falla-en-esposas-retrasa-audiencia-de-imputada-en-tribunal-de-puerto-montt\/","title":{"rendered":"Falla en esposas retrasa audiencia de imputada en tribunal de Puerto Montt"},"content":{"rendered":"\n<p>Una inusual emergencia se registr\u00f3 la ma\u00f1ana de este martes en el Juzgado de Garant\u00eda de Puerto Montt, cuando una imputada no pudo ser liberada para su formalizaci\u00f3n debido a un desperfecto en las esposas que la manten\u00edan sujeta tras su detenci\u00f3n.<\/p>\n\n\n\n<p>El hecho oblig\u00f3 a la intervenci\u00f3n de Bomberos, quienes acudieron al tribunal ubicado en calle Ega\u00f1a para cortar el elemento. Seg\u00fan explic\u00f3 el voluntario de la Cuarta Compa\u00f1\u00eda, Nicol\u00e1s Montalva, el mecanismo present\u00f3 un da\u00f1o que impidi\u00f3 su apertura con la llave habitual, por lo que se activ\u00f3 un operativo especial dentro del recinto judicial.<\/p>\n\n\n\n<p>\u201cEl material era muy resistente, incluso con herramientas como la Dremel no logramos abrirlo. Finalmente utilizamos una galletera para concretar el corte\u201d, relat\u00f3 Montalva, destacando el apoyo de personal policial y de Gendarmer\u00eda durante la maniobra.<\/p>\n\n\n\n<p>La labor se extendi\u00f3 por cerca de una hora y media, hasta que finalmente la mujer, de unos 60 a\u00f1os, fue liberada y pudo presentarse ante el tribunal. La detenida hab\u00eda sido aprehendida el d\u00eda anterior por efectivos del OS-7 de Carabineros, en el marco de una investigaci\u00f3n por infracci\u00f3n a la Ley de Drogas.<\/p>\n\n\n\n<p>El inusual procedimiento no gener\u00f3 mayores inconvenientes, aunque retras\u00f3 el inicio de la audiencia programada por el Ministerio P\u00fablico.<\/p>\n\n\n\n<p>\ud83d\udcf7 Contexto<\/p>\n","protected":false},"excerpt":{"rendered":"<p>Una inusual emergencia se registr\u00f3 la ma\u00f1ana de este martes en el Juzgado de Garant\u00eda de Puerto Montt, cuando una imputada no pudo ser liberada para su formalizaci\u00f3n debido a..<\/p>\n","protected":false},"author":2,"featured_media":15023,"comment_status":"closed","ping_status":"open","sticky":false,"template":"","format":"standard","meta":{"footnotes":""},"categories":[28],"tags":[],"class_list":["post-15022","post","type-post","status-publish","format-standard","has-post-thumbnail","hentry","category-actual"],"rttpg_featured_image_url":{"full":["https:\/\/elconquistadorredloslagos.cl\/test\/wp-content\/uploads\/2025\/10\/img2-2.jpg",1920,1080,false],"landscape":["https:\/\/elconquistadorredloslagos.cl\/test\/wp-content\/uploads\/2025\/10\/img2-2.jpg",1920,1080,false],"portraits":["https:\/\/elconquistadorredloslagos.cl\/test\/wp-content\/uploads\/2025\/10\/img2-2.jpg",1920,1080,false],"thumbnail":["https:\/\/elconquistadorredloslagos.cl\/test\/wp-content\/uploads\/2025\/10\/img2-2-150x150.jpg",150,150,true],"medium":["https:\/\/elconquistadorredloslagos.cl\/test\/wp-content\/uploads\/2025\/10\/img2-2-300x169.jpg",300,169,true],"large":["https:\/\/elconquistadorredloslagos.cl\/test\/wp-content\/uploads\/2025\/10\/img2-2-1024x576.jpg",1024,576,true],"1536x1536":["https:\/\/elconquistadorredloslagos.cl\/test\/wp-content\/uploads\/2025\/10\/img2-2-1536x864.jpg",1536,864,true],"2048x2048":["https:\/\/elconquistadorredloslagos.cl\/test\/wp-content\/uploads\/2025\/10\/img2-2.jpg",1920,1080,false]},"rttpg_author":{"display_name":"ccardenas","author_link":"https:\/\/elconquistadorredloslagos.cl\/test\/blog\/author\/ccardenas\/"},"rttpg_comment":0,"rttpg_category":"<a href=\"https:\/\/elconquistadorredloslagos.cl\/test\/blog\/category\/actual\/\" rel=\"category tag\">Actualidad<\/a>","rttpg_excerpt":"Una inusual emergencia se registr\u00f3 la ma\u00f1ana de este martes en el Juzgado de Garant\u00eda de Puerto Montt, cuando una imputada no pudo ser liberada para su formalizaci\u00f3n debido a..","_links":{"self":[{"href":"https:\/\/elconquistadorredloslagos.cl\/test\/wp-json\/wp\/v2\/posts\/15022","targetHints":{"allow":["GET"]}}],"collection":[{"href":"https:\/\/elconquistadorredloslagos.cl\/test\/wp-json\/wp\/v2\/posts"}],"about":[{"href":"https:\/\/elconquistadorredloslagos.cl\/test\/wp-json\/wp\/v2\/types\/post"}],"author":[{"embeddable":true,"href":"https:\/\/elconquistadorredloslagos.cl\/test\/wp-json\/wp\/v2\/users\/2"}],"replies":[{"embeddable":true,"href":"https:\/\/elconquistadorredloslagos.cl\/test\/wp-json\/wp\/v2\/comments?post=15022"}],"version-history":[{"count":1,"href":"https:\/\/elconquistadorredloslagos.cl\/test\/wp-json\/wp\/v2\/posts\/15022\/revisions"}],"predecessor-version":[{"id":15024,"href":"https:\/\/elconquistadorredloslagos.cl\/test\/wp-json\/wp\/v2\/posts\/15022\/revisions\/15024"}],"wp:featuredmedia":[{"embeddable":true,"href":"https:\/\/elconquistadorredloslagos.cl\/test\/wp-json\/wp\/v2\/media\/15023"}],"wp:attachment":[{"href":"https:\/\/elconquistadorredloslagos.cl\/test\/wp-json\/wp\/v2\/media?parent=15022"}],"wp:term":[{"taxonomy":"category","embeddable":true,"href":"https:\/\/elconquistadorredloslagos.cl\/test\/wp-json\/wp\/v2\/categories?post=15022"},{"taxonomy":"post_tag","embeddable":true,"href":"https:\/\/elconquistadorredloslagos.cl\/test\/wp-json\/wp\/v2\/tags?post=15022"}],"curies":[{"name":"wp","href":"https:\/\/api.w.org\/{rel}","templated":true}]}}