{"id":15019,"date":"2025-10-14T13:51:56","date_gmt":"2025-10-14T16:51:56","guid":{"rendered":"https:\/\/elconquistadorredloslagos.cl\/test\/?p=15019"},"modified":"2025-10-14T13:51:56","modified_gmt":"2025-10-14T16:51:56","slug":"ataque-de-perros-en-santuario-de-curaco-de-velez-reaviva-debate-por-falta-de-fiscalizacion","status":"publish","type":"post","link":"https:\/\/elconquistadorredloslagos.cl\/test\/blog\/2025\/10\/14\/ataque-de-perros-en-santuario-de-curaco-de-velez-reaviva-debate-por-falta-de-fiscalizacion\/","title":{"rendered":"Ataque de perros en Santuario de Curaco de V\u00e9lez reaviva debate por falta de fiscalizaci\u00f3n"},"content":{"rendered":"\n<p>Un video difundido en redes sociales volvi\u00f3 a evidenciar la vulnerabilidad del Santuario de la Naturaleza Humedal Bah\u00eda Curaco de V\u00e9lez, en la isla Quinchao. En las im\u00e1genes se observa a tres perros persiguiendo aves en el lugar, uno de los ecosistemas m\u00e1s importantes del Archipi\u00e9lago de Chilo\u00e9.<\/p>\n\n\n\n<p>El registro gener\u00f3 preocupaci\u00f3n entre vecinos y ambientalistas, quienes reiteraron el llamado a reforzar la tenencia responsable de mascotas y a mejorar la fiscalizaci\u00f3n en \u00e1reas protegidas.<\/p>\n\n\n\n<p>Roxana Mansilla, presidenta del Comit\u00e9 de Medio Ambiente y Turismo de Curaco de V\u00e9lez, lament\u00f3 la reiteraci\u00f3n de estos hechos y apunt\u00f3 a la falta de compromiso de los propietarios. <\/p>\n\n\n\n<p>La dirigenta anunci\u00f3 adem\u00e1s una jornada educativa este viernes 17, en el marco del D\u00eda Mundial de las Aves Migratorias, con salidas guiadas y charlas abiertas a la comunidad.<\/p>\n\n\n\n<p>Desde el \u00e1mbito t\u00e9cnico, la ingeniera en Conservaci\u00f3n de Recursos Naturales Daniela Ruiz advirti\u00f3 que estos ataques son cada vez m\u00e1s frecuentes.<\/p>\n\n\n\n<p>\ud83d\udcf7 (Captura de video) <\/p>\n","protected":false},"excerpt":{"rendered":"<p>Un video difundido en redes sociales volvi\u00f3 a evidenciar la vulnerabilidad del Santuario de la Naturaleza Humedal Bah\u00eda Curaco de V\u00e9lez, en la isla Quinchao. En las im\u00e1genes se observa..<\/p>\n","protected":false},"author":2,"featured_media":15020,"comment_status":"closed","ping_status":"open","sticky":false,"template":"","format":"standard","meta":{"footnotes":""},"categories":[1,28,51],"tags":[],"class_list":["post-15019","post","type-post","status-publish","format-standard","has-post-thumbnail","hentry","category-acontecer","category-actual","category-chiloe"],"rttpg_featured_image_url":{"full":["https:\/\/elconquistadorredloslagos.cl\/test\/wp-content\/uploads\/2025\/10\/img2-1.jpg",1920,1080,false],"landscape":["https:\/\/elconquistadorredloslagos.cl\/test\/wp-content\/uploads\/2025\/10\/img2-1.jpg",1920,1080,false],"portraits":["https:\/\/elconquistadorredloslagos.cl\/test\/wp-content\/uploads\/2025\/10\/img2-1.jpg",1920,1080,false],"thumbnail":["https:\/\/elconquistadorredloslagos.cl\/test\/wp-content\/uploads\/2025\/10\/img2-1-150x150.jpg",150,150,true],"medium":["https:\/\/elconquistadorredloslagos.cl\/test\/wp-content\/uploads\/2025\/10\/img2-1-300x169.jpg",300,169,true],"large":["https:\/\/elconquistadorredloslagos.cl\/test\/wp-content\/uploads\/2025\/10\/img2-1-1024x576.jpg",1024,576,true],"1536x1536":["https:\/\/elconquistadorredloslagos.cl\/test\/wp-content\/uploads\/2025\/10\/img2-1-1536x864.jpg",1536,864,true],"2048x2048":["https:\/\/elconquistadorredloslagos.cl\/test\/wp-content\/uploads\/2025\/10\/img2-1.jpg",1920,1080,false]},"rttpg_author":{"display_name":"ccardenas","author_link":"https:\/\/elconquistadorredloslagos.cl\/test\/blog\/author\/ccardenas\/"},"rttpg_comment":0,"rttpg_category":"<a href=\"https:\/\/elconquistadorredloslagos.cl\/test\/blog\/category\/actual\/acontecer\/\" rel=\"category tag\">Acontecer<\/a> <a href=\"https:\/\/elconquistadorredloslagos.cl\/test\/blog\/category\/actual\/\" rel=\"category tag\">Actualidad<\/a> <a href=\"https:\/\/elconquistadorredloslagos.cl\/test\/blog\/category\/chile\/chiloe\/\" rel=\"category tag\">Chilo\u00e9<\/a>","rttpg_excerpt":"Un video difundido en redes sociales volvi\u00f3 a evidenciar la vulnerabilidad del Santuario de la Naturaleza Humedal Bah\u00eda Curaco de V\u00e9lez, en la isla Quinchao. En las im\u00e1genes se observa..","_links":{"self":[{"href":"https:\/\/elconquistadorredloslagos.cl\/test\/wp-json\/wp\/v2\/posts\/15019","targetHints":{"allow":["GET"]}}],"collection":[{"href":"https:\/\/elconquistadorredloslagos.cl\/test\/wp-json\/wp\/v2\/posts"}],"about":[{"href":"https:\/\/elconquistadorredloslagos.cl\/test\/wp-json\/wp\/v2\/types\/post"}],"author":[{"embeddable":true,"href":"https:\/\/elconquistadorredloslagos.cl\/test\/wp-json\/wp\/v2\/users\/2"}],"replies":[{"embeddable":true,"href":"https:\/\/elconquistadorredloslagos.cl\/test\/wp-json\/wp\/v2\/comments?post=15019"}],"version-history":[{"count":1,"href":"https:\/\/elconquistadorredloslagos.cl\/test\/wp-json\/wp\/v2\/posts\/15019\/revisions"}],"predecessor-version":[{"id":15021,"href":"https:\/\/elconquistadorredloslagos.cl\/test\/wp-json\/wp\/v2\/posts\/15019\/revisions\/15021"}],"wp:featuredmedia":[{"embeddable":true,"href":"https:\/\/elconquistadorredloslagos.cl\/test\/wp-json\/wp\/v2\/media\/15020"}],"wp:attachment":[{"href":"https:\/\/elconquistadorredloslagos.cl\/test\/wp-json\/wp\/v2\/media?parent=15019"}],"wp:term":[{"taxonomy":"category","embeddable":true,"href":"https:\/\/elconquistadorredloslagos.cl\/test\/wp-json\/wp\/v2\/categories?post=15019"},{"taxonomy":"post_tag","embeddable":true,"href":"https:\/\/elconquistadorredloslagos.cl\/test\/wp-json\/wp\/v2\/tags?post=15019"}],"curies":[{"name":"wp","href":"https:\/\/api.w.org\/{rel}","templated":true}]}}