{"id":15015,"date":"2025-10-14T10:58:43","date_gmt":"2025-10-14T13:58:43","guid":{"rendered":"https:\/\/elconquistadorredloslagos.cl\/test\/?p=15015"},"modified":"2025-10-14T10:58:44","modified_gmt":"2025-10-14T13:58:44","slug":"llaman-a-una-unidad-firme-y-coherente-en-torno-al-derecho-a-la-salud-de-los-chilotes","status":"publish","type":"post","link":"https:\/\/elconquistadorredloslagos.cl\/test\/blog\/2025\/10\/14\/llaman-a-una-unidad-firme-y-coherente-en-torno-al-derecho-a-la-salud-de-los-chilotes\/","title":{"rendered":"Llaman a una unidad firme y coherente en torno al derecho a la salud de los chilotes"},"content":{"rendered":"\n<p>En la comuna de Quemchi se llev\u00f3 a cabo una importante reuni\u00f3n de la Asociaci\u00f3n de Municipios de Chilo\u00e9, instancia en la que se abord\u00f3 en profundidad la situaci\u00f3n sanitaria que afecta a la provincia, con la participaci\u00f3n de los representantes del Movimiento por la Salud de Chilo\u00e9, quienes fueron recibidos por los alcaldes para exponer sus inquietudes y propuestas.<\/p>\n\n\n\n<p>La jornada permiti\u00f3 escuchar directamente a los dirigentes del movimiento, quienes plantearon la urgente necesidad de un Plan Bicentenario para la Salud de Chilo\u00e9, que sit\u00fae al archipi\u00e9lago en igualdad de condiciones con otras regiones del pa\u00eds en materia de infraestructura, equipamiento y atenci\u00f3n m\u00e9dica.<\/p>\n\n\n\n<p>Finalizada la exposici\u00f3n, la alcaldesa de Dalcahue, Alejandra Villegas, en su calidad de presidenta de la Comisi\u00f3n de Salud de la Asociaci\u00f3n de Municipios de Chilo\u00e9, destac\u00f3 que la salud requiere de acciones especiales.<\/p>\n\n\n\n<figure class=\"wp-block-audio\"><audio controls src=\"https:\/\/elconquistadorredloslagos.cl\/test\/wp-content\/uploads\/2025\/10\/ALCALDESA-VILLEGAS-POR-SALUD.mp3\"><\/audio><\/figure>\n\n\n\n<p>Por su parte, el vocero del Movimiento por la Salud de Chilo\u00e9, Eduardo Burgos, reafirm\u00f3 la necesidad de un plan estructural que marque \u201cun antes y un despu\u00e9s en la salud p\u00fablica del archipi\u00e9lago\u201d.<\/p>\n\n\n\n<p>La reuni\u00f3n en Quemchi dej\u00f3 de manifiesto la disposici\u00f3n de los alcaldes y dirigentes sociales para consolidar un frente com\u00fan en torno a la salud, orientado a buscar soluciones reales, sostenibles y equitativas para todo el territorio insular.<\/p>\n","protected":false},"excerpt":{"rendered":"<p>En la comuna de Quemchi se llev\u00f3 a cabo una importante reuni\u00f3n de la Asociaci\u00f3n de Municipios de Chilo\u00e9, instancia en la que se abord\u00f3 en profundidad la situaci\u00f3n sanitaria..<\/p>\n","protected":false},"author":2,"featured_media":15017,"comment_status":"closed","ping_status":"open","sticky":false,"template":"","format":"standard","meta":{"footnotes":""},"categories":[1,28,51],"tags":[],"class_list":["post-15015","post","type-post","status-publish","format-standard","has-post-thumbnail","hentry","category-acontecer","category-actual","category-chiloe"],"rttpg_featured_image_url":{"full":["https:\/\/elconquistadorredloslagos.cl\/test\/wp-content\/uploads\/2025\/10\/img-48.jpg",1920,1080,false],"landscape":["https:\/\/elconquistadorredloslagos.cl\/test\/wp-content\/uploads\/2025\/10\/img-48.jpg",1920,1080,false],"portraits":["https:\/\/elconquistadorredloslagos.cl\/test\/wp-content\/uploads\/2025\/10\/img-48.jpg",1920,1080,false],"thumbnail":["https:\/\/elconquistadorredloslagos.cl\/test\/wp-content\/uploads\/2025\/10\/img-48-150x150.jpg",150,150,true],"medium":["https:\/\/elconquistadorredloslagos.cl\/test\/wp-content\/uploads\/2025\/10\/img-48-300x169.jpg",300,169,true],"large":["https:\/\/elconquistadorredloslagos.cl\/test\/wp-content\/uploads\/2025\/10\/img-48-1024x576.jpg",1024,576,true],"1536x1536":["https:\/\/elconquistadorredloslagos.cl\/test\/wp-content\/uploads\/2025\/10\/img-48-1536x864.jpg",1536,864,true],"2048x2048":["https:\/\/elconquistadorredloslagos.cl\/test\/wp-content\/uploads\/2025\/10\/img-48.jpg",1920,1080,false]},"rttpg_author":{"display_name":"ccardenas","author_link":"https:\/\/elconquistadorredloslagos.cl\/test\/blog\/author\/ccardenas\/"},"rttpg_comment":0,"rttpg_category":"<a href=\"https:\/\/elconquistadorredloslagos.cl\/test\/blog\/category\/actual\/acontecer\/\" rel=\"category tag\">Acontecer<\/a> <a href=\"https:\/\/elconquistadorredloslagos.cl\/test\/blog\/category\/actual\/\" rel=\"category tag\">Actualidad<\/a> <a href=\"https:\/\/elconquistadorredloslagos.cl\/test\/blog\/category\/chile\/chiloe\/\" rel=\"category tag\">Chilo\u00e9<\/a>","rttpg_excerpt":"En la comuna de Quemchi se llev\u00f3 a cabo una importante reuni\u00f3n de la Asociaci\u00f3n de Municipios de Chilo\u00e9, instancia en la que se abord\u00f3 en profundidad la situaci\u00f3n sanitaria..","_links":{"self":[{"href":"https:\/\/elconquistadorredloslagos.cl\/test\/wp-json\/wp\/v2\/posts\/15015","targetHints":{"allow":["GET"]}}],"collection":[{"href":"https:\/\/elconquistadorredloslagos.cl\/test\/wp-json\/wp\/v2\/posts"}],"about":[{"href":"https:\/\/elconquistadorredloslagos.cl\/test\/wp-json\/wp\/v2\/types\/post"}],"author":[{"embeddable":true,"href":"https:\/\/elconquistadorredloslagos.cl\/test\/wp-json\/wp\/v2\/users\/2"}],"replies":[{"embeddable":true,"href":"https:\/\/elconquistadorredloslagos.cl\/test\/wp-json\/wp\/v2\/comments?post=15015"}],"version-history":[{"count":1,"href":"https:\/\/elconquistadorredloslagos.cl\/test\/wp-json\/wp\/v2\/posts\/15015\/revisions"}],"predecessor-version":[{"id":15018,"href":"https:\/\/elconquistadorredloslagos.cl\/test\/wp-json\/wp\/v2\/posts\/15015\/revisions\/15018"}],"wp:featuredmedia":[{"embeddable":true,"href":"https:\/\/elconquistadorredloslagos.cl\/test\/wp-json\/wp\/v2\/media\/15017"}],"wp:attachment":[{"href":"https:\/\/elconquistadorredloslagos.cl\/test\/wp-json\/wp\/v2\/media?parent=15015"}],"wp:term":[{"taxonomy":"category","embeddable":true,"href":"https:\/\/elconquistadorredloslagos.cl\/test\/wp-json\/wp\/v2\/categories?post=15015"},{"taxonomy":"post_tag","embeddable":true,"href":"https:\/\/elconquistadorredloslagos.cl\/test\/wp-json\/wp\/v2\/tags?post=15015"}],"curies":[{"name":"wp","href":"https:\/\/api.w.org\/{rel}","templated":true}]}}