{"id":15011,"date":"2025-10-14T10:38:43","date_gmt":"2025-10-14T13:38:43","guid":{"rendered":"https:\/\/elconquistadorredloslagos.cl\/test\/?p=15011"},"modified":"2025-10-14T10:38:44","modified_gmt":"2025-10-14T13:38:44","slug":"investigacion-por-homicidio-en-osorno-avanza-con-cuatro-detenidos","status":"publish","type":"post","link":"https:\/\/elconquistadorredloslagos.cl\/test\/blog\/2025\/10\/14\/investigacion-por-homicidio-en-osorno-avanza-con-cuatro-detenidos\/","title":{"rendered":"Investigaci\u00f3n por homicidio en Osorno avanza con cuatro detenidos"},"content":{"rendered":"\n<p>La Polic\u00eda de Investigaciones confirm\u00f3 la detenci\u00f3n de dos j\u00f3venes, de 18 y 19 a\u00f1os, por su presunta implicancia en el homicidio de un hombre que fue brutalmente agredido en el Parque Cuarto Centenario de Osorno. Con estos arrestos, la cifra de aprehendidos asciende a cuatro.<\/p>\n\n\n\n<p>El hecho ocurri\u00f3 durante la noche del viernes, cuando la v\u00edctima fue hallada gravemente herida por transe\u00fantes que paseaban por el concurrido sector. Pese al r\u00e1pido aviso al SAMU y al traslado de urgencia al Hospital San Jos\u00e9, el joven falleci\u00f3 tras sufrir un paro cardiorrespiratorio derivado de las lesiones.<\/p>\n\n\n\n<p>El jefe de la Brigada de Homicidios de Osorno, subprefecto Javier Yusthy, confirm\u00f3 que ambos detenidos son chilenos y que fueron puestos a disposici\u00f3n del Juzgado de Garant\u00eda para su control de detenci\u00f3n. <\/p>\n\n\n\n<figure class=\"wp-block-audio\"><audio controls src=\"https:\/\/elconquistadorredloslagos.cl\/test\/wp-content\/uploads\/2025\/10\/PDI-OSORNO-online-audio-converter.com_.mp3\"><\/audio><\/figure>\n\n\n\n<p>Adem\u00e1s, detectives de la PDI revelaron la existencia de un video que muestra la violencia con que fue atacada la v\u00edctima, registro que se encuentra siendo analizado como parte de la investigaci\u00f3n.<\/p>\n","protected":false},"excerpt":{"rendered":"<p>La Polic\u00eda de Investigaciones confirm\u00f3 la detenci\u00f3n de dos j\u00f3venes, de 18 y 19 a\u00f1os, por su presunta implicancia en el homicidio de un hombre que fue brutalmente agredido en..<\/p>\n","protected":false},"author":2,"featured_media":15013,"comment_status":"closed","ping_status":"open","sticky":false,"template":"","format":"standard","meta":{"footnotes":""},"categories":[1,28,55],"tags":[],"class_list":["post-15011","post","type-post","status-publish","format-standard","has-post-thumbnail","hentry","category-acontecer","category-actual","category-osorno"],"rttpg_featured_image_url":{"full":["https:\/\/elconquistadorredloslagos.cl\/test\/wp-content\/uploads\/2025\/10\/img-47.jpg",1920,1080,false],"landscape":["https:\/\/elconquistadorredloslagos.cl\/test\/wp-content\/uploads\/2025\/10\/img-47.jpg",1920,1080,false],"portraits":["https:\/\/elconquistadorredloslagos.cl\/test\/wp-content\/uploads\/2025\/10\/img-47.jpg",1920,1080,false],"thumbnail":["https:\/\/elconquistadorredloslagos.cl\/test\/wp-content\/uploads\/2025\/10\/img-47-150x150.jpg",150,150,true],"medium":["https:\/\/elconquistadorredloslagos.cl\/test\/wp-content\/uploads\/2025\/10\/img-47-300x169.jpg",300,169,true],"large":["https:\/\/elconquistadorredloslagos.cl\/test\/wp-content\/uploads\/2025\/10\/img-47-1024x576.jpg",1024,576,true],"1536x1536":["https:\/\/elconquistadorredloslagos.cl\/test\/wp-content\/uploads\/2025\/10\/img-47-1536x864.jpg",1536,864,true],"2048x2048":["https:\/\/elconquistadorredloslagos.cl\/test\/wp-content\/uploads\/2025\/10\/img-47.jpg",1920,1080,false]},"rttpg_author":{"display_name":"ccardenas","author_link":"https:\/\/elconquistadorredloslagos.cl\/test\/blog\/author\/ccardenas\/"},"rttpg_comment":0,"rttpg_category":"<a href=\"https:\/\/elconquistadorredloslagos.cl\/test\/blog\/category\/actual\/acontecer\/\" rel=\"category tag\">Acontecer<\/a> <a href=\"https:\/\/elconquistadorredloslagos.cl\/test\/blog\/category\/actual\/\" rel=\"category tag\">Actualidad<\/a> <a href=\"https:\/\/elconquistadorredloslagos.cl\/test\/blog\/category\/chile\/osorno\/\" rel=\"category tag\">Osorno<\/a>","rttpg_excerpt":"La Polic\u00eda de Investigaciones confirm\u00f3 la detenci\u00f3n de dos j\u00f3venes, de 18 y 19 a\u00f1os, por su presunta implicancia en el homicidio de un hombre que fue brutalmente agredido en..","_links":{"self":[{"href":"https:\/\/elconquistadorredloslagos.cl\/test\/wp-json\/wp\/v2\/posts\/15011","targetHints":{"allow":["GET"]}}],"collection":[{"href":"https:\/\/elconquistadorredloslagos.cl\/test\/wp-json\/wp\/v2\/posts"}],"about":[{"href":"https:\/\/elconquistadorredloslagos.cl\/test\/wp-json\/wp\/v2\/types\/post"}],"author":[{"embeddable":true,"href":"https:\/\/elconquistadorredloslagos.cl\/test\/wp-json\/wp\/v2\/users\/2"}],"replies":[{"embeddable":true,"href":"https:\/\/elconquistadorredloslagos.cl\/test\/wp-json\/wp\/v2\/comments?post=15011"}],"version-history":[{"count":1,"href":"https:\/\/elconquistadorredloslagos.cl\/test\/wp-json\/wp\/v2\/posts\/15011\/revisions"}],"predecessor-version":[{"id":15014,"href":"https:\/\/elconquistadorredloslagos.cl\/test\/wp-json\/wp\/v2\/posts\/15011\/revisions\/15014"}],"wp:featuredmedia":[{"embeddable":true,"href":"https:\/\/elconquistadorredloslagos.cl\/test\/wp-json\/wp\/v2\/media\/15013"}],"wp:attachment":[{"href":"https:\/\/elconquistadorredloslagos.cl\/test\/wp-json\/wp\/v2\/media?parent=15011"}],"wp:term":[{"taxonomy":"category","embeddable":true,"href":"https:\/\/elconquistadorredloslagos.cl\/test\/wp-json\/wp\/v2\/categories?post=15011"},{"taxonomy":"post_tag","embeddable":true,"href":"https:\/\/elconquistadorredloslagos.cl\/test\/wp-json\/wp\/v2\/tags?post=15011"}],"curies":[{"name":"wp","href":"https:\/\/api.w.org\/{rel}","templated":true}]}}