{"id":15004,"date":"2025-10-14T10:25:28","date_gmt":"2025-10-14T13:25:28","guid":{"rendered":"https:\/\/elconquistadorredloslagos.cl\/test\/?p=15004"},"modified":"2025-10-14T10:25:28","modified_gmt":"2025-10-14T13:25:28","slug":"amenazas-miedo-y-clases-suspendidas-en-escuela-rural-de-quellon","status":"publish","type":"post","link":"https:\/\/elconquistadorredloslagos.cl\/test\/blog\/2025\/10\/14\/amenazas-miedo-y-clases-suspendidas-en-escuela-rural-de-quellon\/","title":{"rendered":"Amenazas, miedo y clases suspendidas en escuela rural de Quell\u00f3n"},"content":{"rendered":"\n<p>Preocupaci\u00f3n y temor se viven en la comunidad educativa de la Escuela Rural Blanchard, en Quell\u00f3n, donde las clases permanecen suspendidas desde hace una semana tras las amenazas de muerte que un apoderado habr\u00eda dirigido contra la \u00fanica profesora del establecimiento.<\/p>\n\n\n\n<p>La educadora, quien adem\u00e1s cumple funciones de encargada del recinto, se encuentra con licencia m\u00e9dica luego de sufrir dos episodios de intimidaci\u00f3n por parte del mismo individuo, residente del sector.<\/p>\n\n\n\n<p>El primero de ellos se habr\u00eda producido el 29 de septiembre, cuando el hombre lleg\u00f3 alterado al colegio acusando que su hija hab\u00eda regresado a casa con moretones. En medio de la discusi\u00f3n, lanz\u00f3 amenazas directas contra la profesora. D\u00edas despu\u00e9s, el 2 de octubre, irrumpi\u00f3 en una reuni\u00f3n de apoderados levantando la voz y advirtiendo tener antecedentes por homicidio, lo que los presentes interpretaron como un acto de amedrentamiento.<\/p>\n\n\n\n<p>Karen Llancalahu\u00e9n, secretaria del centro de padres, lament\u00f3 la situaci\u00f3n y expres\u00f3 que \u201cla profesora es muy cercana a los alumnos, y todos vimos c\u00f3mo fue amenazada. No queremos que nadie m\u00e1s sufra esto\u201d.<\/p>\n\n\n\n<p>En tanto, el Servicio Local de Educaci\u00f3n P\u00fablica eval\u00faa alternativas para su funcionamiento, ante la incertidumbre que hoy mantiene a la comunidad sin clases. As\u00ed lo coment\u00f3 German Pino, subdirector de Gesti\u00f3n de Desarrollo de las Personas de SLEP Chilo\u00e9.<\/p>\n\n\n\n<figure class=\"wp-block-audio\"><audio controls src=\"https:\/\/elconquistadorredloslagos.cl\/test\/wp-content\/uploads\/2025\/10\/CUNA-SLEP.mp3\"><\/audio><\/figure>\n\n\n\n<p>La escuela, ubicada en el sector aislado de Blanchard, cuenta con seis estudiantes. <\/p>\n","protected":false},"excerpt":{"rendered":"<p>Preocupaci\u00f3n y temor se viven en la comunidad educativa de la Escuela Rural Blanchard, en Quell\u00f3n, donde las clases permanecen suspendidas desde hace una semana tras las amenazas de muerte..<\/p>\n","protected":false},"author":2,"featured_media":15006,"comment_status":"closed","ping_status":"open","sticky":false,"template":"","format":"standard","meta":{"footnotes":""},"categories":[1,28,51],"tags":[],"class_list":["post-15004","post","type-post","status-publish","format-standard","has-post-thumbnail","hentry","category-acontecer","category-actual","category-chiloe"],"rttpg_featured_image_url":{"full":["https:\/\/elconquistadorredloslagos.cl\/test\/wp-content\/uploads\/2025\/10\/img-46.jpg",1920,1080,false],"landscape":["https:\/\/elconquistadorredloslagos.cl\/test\/wp-content\/uploads\/2025\/10\/img-46.jpg",1920,1080,false],"portraits":["https:\/\/elconquistadorredloslagos.cl\/test\/wp-content\/uploads\/2025\/10\/img-46.jpg",1920,1080,false],"thumbnail":["https:\/\/elconquistadorredloslagos.cl\/test\/wp-content\/uploads\/2025\/10\/img-46-150x150.jpg",150,150,true],"medium":["https:\/\/elconquistadorredloslagos.cl\/test\/wp-content\/uploads\/2025\/10\/img-46-300x169.jpg",300,169,true],"large":["https:\/\/elconquistadorredloslagos.cl\/test\/wp-content\/uploads\/2025\/10\/img-46-1024x576.jpg",1024,576,true],"1536x1536":["https:\/\/elconquistadorredloslagos.cl\/test\/wp-content\/uploads\/2025\/10\/img-46-1536x864.jpg",1536,864,true],"2048x2048":["https:\/\/elconquistadorredloslagos.cl\/test\/wp-content\/uploads\/2025\/10\/img-46.jpg",1920,1080,false]},"rttpg_author":{"display_name":"ccardenas","author_link":"https:\/\/elconquistadorredloslagos.cl\/test\/blog\/author\/ccardenas\/"},"rttpg_comment":0,"rttpg_category":"<a href=\"https:\/\/elconquistadorredloslagos.cl\/test\/blog\/category\/actual\/acontecer\/\" rel=\"category tag\">Acontecer<\/a> <a href=\"https:\/\/elconquistadorredloslagos.cl\/test\/blog\/category\/actual\/\" rel=\"category tag\">Actualidad<\/a> <a href=\"https:\/\/elconquistadorredloslagos.cl\/test\/blog\/category\/chile\/chiloe\/\" rel=\"category tag\">Chilo\u00e9<\/a>","rttpg_excerpt":"Preocupaci\u00f3n y temor se viven en la comunidad educativa de la Escuela Rural Blanchard, en Quell\u00f3n, donde las clases permanecen suspendidas desde hace una semana tras las amenazas de muerte..","_links":{"self":[{"href":"https:\/\/elconquistadorredloslagos.cl\/test\/wp-json\/wp\/v2\/posts\/15004","targetHints":{"allow":["GET"]}}],"collection":[{"href":"https:\/\/elconquistadorredloslagos.cl\/test\/wp-json\/wp\/v2\/posts"}],"about":[{"href":"https:\/\/elconquistadorredloslagos.cl\/test\/wp-json\/wp\/v2\/types\/post"}],"author":[{"embeddable":true,"href":"https:\/\/elconquistadorredloslagos.cl\/test\/wp-json\/wp\/v2\/users\/2"}],"replies":[{"embeddable":true,"href":"https:\/\/elconquistadorredloslagos.cl\/test\/wp-json\/wp\/v2\/comments?post=15004"}],"version-history":[{"count":1,"href":"https:\/\/elconquistadorredloslagos.cl\/test\/wp-json\/wp\/v2\/posts\/15004\/revisions"}],"predecessor-version":[{"id":15007,"href":"https:\/\/elconquistadorredloslagos.cl\/test\/wp-json\/wp\/v2\/posts\/15004\/revisions\/15007"}],"wp:featuredmedia":[{"embeddable":true,"href":"https:\/\/elconquistadorredloslagos.cl\/test\/wp-json\/wp\/v2\/media\/15006"}],"wp:attachment":[{"href":"https:\/\/elconquistadorredloslagos.cl\/test\/wp-json\/wp\/v2\/media?parent=15004"}],"wp:term":[{"taxonomy":"category","embeddable":true,"href":"https:\/\/elconquistadorredloslagos.cl\/test\/wp-json\/wp\/v2\/categories?post=15004"},{"taxonomy":"post_tag","embeddable":true,"href":"https:\/\/elconquistadorredloslagos.cl\/test\/wp-json\/wp\/v2\/tags?post=15004"}],"curies":[{"name":"wp","href":"https:\/\/api.w.org\/{rel}","templated":true}]}}