{"id":14991,"date":"2025-10-13T18:02:47","date_gmt":"2025-10-13T21:02:47","guid":{"rendered":"https:\/\/elconquistadorredloslagos.cl\/test\/?p=14991"},"modified":"2025-10-13T18:02:47","modified_gmt":"2025-10-13T21:02:47","slug":"incendio-destruye-vivienda-en-castro-y-deja-un-damnificado","status":"publish","type":"post","link":"https:\/\/elconquistadorredloslagos.cl\/test\/blog\/2025\/10\/13\/incendio-destruye-vivienda-en-castro-y-deja-un-damnificado\/","title":{"rendered":"Incendio destruye vivienda en Castro y deja un damnificado"},"content":{"rendered":"\n<p>Un incendio en la tarde del domingo 12 de octubre dej\u00f3 una vivienda pr\u00e1cticamente destruida y a una persona damnificada en el sector Juan Soler, comuna de Castro.<\/p>\n\n\n\n<p>El siniestro se produjo en la intersecci\u00f3n de las calles Ignacio Carrera Pinto con Enrique Rodr\u00edguez. Hasta el lugar acudieron unidades del Cuerpo de Bomberos de Castro tras la primera alarma, trabajando r\u00e1pidamente para evitar la propagaci\u00f3n hacia construcciones cercanas, ya que la casa afectada estaba ubicada al interior de un sitio.<\/p>\n\n\n\n<p>El comandante del cuerpo de Bomberos, Patricio Torres, se\u00f1al\u00f3 que la r\u00e1pida intervenci\u00f3n fue clave para contener el fuego y minimizar da\u00f1os en los alrededores.<\/p>\n\n\n\n<figure class=\"wp-block-audio\"><audio controls src=\"https:\/\/elconquistadorredloslagos.cl\/test\/wp-content\/uploads\/2025\/10\/BOMBEROS-CASTRO.mp3\"><\/audio><\/figure>\n\n\n\n<p>El incidente ser\u00e1 investigado por el departamento de estudios t\u00e9cnicos del Cuerpo de Bomberos de Castro para determinar las causas que originaron el siniestro.<\/p>\n\n\n\n<p>\ud83d\udcf7 (Captura de video)<\/p>\n","protected":false},"excerpt":{"rendered":"<p>Un incendio en la tarde del domingo 12 de octubre dej\u00f3 una vivienda pr\u00e1cticamente destruida y a una persona damnificada en el sector Juan Soler, comuna de Castro. El siniestro..<\/p>\n","protected":false},"author":2,"featured_media":14993,"comment_status":"closed","ping_status":"open","sticky":false,"template":"","format":"standard","meta":{"footnotes":""},"categories":[1,28,51],"tags":[],"class_list":["post-14991","post","type-post","status-publish","format-standard","has-post-thumbnail","hentry","category-acontecer","category-actual","category-chiloe"],"rttpg_featured_image_url":{"full":["https:\/\/elconquistadorredloslagos.cl\/test\/wp-content\/uploads\/2025\/10\/img_-6.jpg",1920,1080,false],"landscape":["https:\/\/elconquistadorredloslagos.cl\/test\/wp-content\/uploads\/2025\/10\/img_-6.jpg",1920,1080,false],"portraits":["https:\/\/elconquistadorredloslagos.cl\/test\/wp-content\/uploads\/2025\/10\/img_-6.jpg",1920,1080,false],"thumbnail":["https:\/\/elconquistadorredloslagos.cl\/test\/wp-content\/uploads\/2025\/10\/img_-6-150x150.jpg",150,150,true],"medium":["https:\/\/elconquistadorredloslagos.cl\/test\/wp-content\/uploads\/2025\/10\/img_-6-300x169.jpg",300,169,true],"large":["https:\/\/elconquistadorredloslagos.cl\/test\/wp-content\/uploads\/2025\/10\/img_-6-1024x576.jpg",1024,576,true],"1536x1536":["https:\/\/elconquistadorredloslagos.cl\/test\/wp-content\/uploads\/2025\/10\/img_-6-1536x864.jpg",1536,864,true],"2048x2048":["https:\/\/elconquistadorredloslagos.cl\/test\/wp-content\/uploads\/2025\/10\/img_-6.jpg",1920,1080,false]},"rttpg_author":{"display_name":"ccardenas","author_link":"https:\/\/elconquistadorredloslagos.cl\/test\/blog\/author\/ccardenas\/"},"rttpg_comment":0,"rttpg_category":"<a href=\"https:\/\/elconquistadorredloslagos.cl\/test\/blog\/category\/actual\/acontecer\/\" rel=\"category tag\">Acontecer<\/a> <a href=\"https:\/\/elconquistadorredloslagos.cl\/test\/blog\/category\/actual\/\" rel=\"category tag\">Actualidad<\/a> <a href=\"https:\/\/elconquistadorredloslagos.cl\/test\/blog\/category\/chile\/chiloe\/\" rel=\"category tag\">Chilo\u00e9<\/a>","rttpg_excerpt":"Un incendio en la tarde del domingo 12 de octubre dej\u00f3 una vivienda pr\u00e1cticamente destruida y a una persona damnificada en el sector Juan Soler, comuna de Castro. El siniestro..","_links":{"self":[{"href":"https:\/\/elconquistadorredloslagos.cl\/test\/wp-json\/wp\/v2\/posts\/14991","targetHints":{"allow":["GET"]}}],"collection":[{"href":"https:\/\/elconquistadorredloslagos.cl\/test\/wp-json\/wp\/v2\/posts"}],"about":[{"href":"https:\/\/elconquistadorredloslagos.cl\/test\/wp-json\/wp\/v2\/types\/post"}],"author":[{"embeddable":true,"href":"https:\/\/elconquistadorredloslagos.cl\/test\/wp-json\/wp\/v2\/users\/2"}],"replies":[{"embeddable":true,"href":"https:\/\/elconquistadorredloslagos.cl\/test\/wp-json\/wp\/v2\/comments?post=14991"}],"version-history":[{"count":1,"href":"https:\/\/elconquistadorredloslagos.cl\/test\/wp-json\/wp\/v2\/posts\/14991\/revisions"}],"predecessor-version":[{"id":14994,"href":"https:\/\/elconquistadorredloslagos.cl\/test\/wp-json\/wp\/v2\/posts\/14991\/revisions\/14994"}],"wp:featuredmedia":[{"embeddable":true,"href":"https:\/\/elconquistadorredloslagos.cl\/test\/wp-json\/wp\/v2\/media\/14993"}],"wp:attachment":[{"href":"https:\/\/elconquistadorredloslagos.cl\/test\/wp-json\/wp\/v2\/media?parent=14991"}],"wp:term":[{"taxonomy":"category","embeddable":true,"href":"https:\/\/elconquistadorredloslagos.cl\/test\/wp-json\/wp\/v2\/categories?post=14991"},{"taxonomy":"post_tag","embeddable":true,"href":"https:\/\/elconquistadorredloslagos.cl\/test\/wp-json\/wp\/v2\/tags?post=14991"}],"curies":[{"name":"wp","href":"https:\/\/api.w.org\/{rel}","templated":true}]}}