{"id":14985,"date":"2025-10-13T14:20:22","date_gmt":"2025-10-13T17:20:22","guid":{"rendered":"https:\/\/elconquistadorredloslagos.cl\/test\/?p=14985"},"modified":"2025-10-13T14:22:44","modified_gmt":"2025-10-13T17:22:44","slug":"conductor-ebrio-volco-en-ancud-y-se-descubrio-que-manejaba-vehiculo-robado","status":"publish","type":"post","link":"https:\/\/elconquistadorredloslagos.cl\/test\/blog\/2025\/10\/13\/conductor-ebrio-volco-en-ancud-y-se-descubrio-que-manejaba-vehiculo-robado\/","title":{"rendered":"Conductor ebrio volc\u00f3 en Ancud y se descubri\u00f3 que manejaba veh\u00edculo robado"},"content":{"rendered":"\n<p>Pese a las reiteradas campa\u00f1as preventivas que buscan evitar la conducci\u00f3n bajo los efectos del alcohol, un nuevo caso de irresponsabilidad vial se registr\u00f3 el fin de semana en la comuna de Ancud. Un hombre termin\u00f3 volcado a un costado de la Ruta 5, en el sector de Pupelde, luego de manejar en evidente estado de ebriedad.<\/p>\n\n\n\n<p>El accidente ocurri\u00f3 la noche del s\u00e1bado 11 de octubre, cuando el conductor perdi\u00f3 el control del veh\u00edculo y cay\u00f3 por una ladera que colinda con terrenos del aer\u00f3dromo local. Personal de Carabineros de la Segunda Comisar\u00eda de Ancud acudi\u00f3 al lugar para constatar la emergencia y realizar el procedimiento de rigor.<\/p>\n\n\n\n<p>Seg\u00fan inform\u00f3 el capit\u00e1n de Carabineros H\u00e9ctor Fuentes, la prueba respiratoria arroj\u00f3 1,31 gramos de alcohol por litro de sangre, confirmando la ebriedad del chofer. Pero la situaci\u00f3n se agrav\u00f3 al comprobarse que el autom\u00f3vil ten\u00eda encargo por robo desde la ciudad de Castro.<\/p>\n\n\n\n<figure class=\"wp-block-audio\"><audio controls src=\"https:\/\/elconquistadorredloslagos.cl\/test\/wp-content\/uploads\/2025\/10\/CARABINEROS-CASTRO.mp3\"><\/audio><\/figure>\n\n\n\n<p>El detenido fue puesto a disposici\u00f3n del Ministerio P\u00fablico de Ancud, y durante la audiencia de control de detenci\u00f3n el Juzgado de Garant\u00eda determin\u00f3 que quedara con las medidas cautelares de firma mensual y arraigo nacional, mientras contin\u00faa la investigaci\u00f3n del caso.<\/p>\n\n\n\n<p>\ud83d\udcf7 Redes sociales<\/p>\n","protected":false},"excerpt":{"rendered":"<p>Pese a las reiteradas campa\u00f1as preventivas que buscan evitar la conducci\u00f3n bajo los efectos del alcohol, un nuevo caso de irresponsabilidad vial se registr\u00f3 el fin de semana en la..<\/p>\n","protected":false},"author":2,"featured_media":14990,"comment_status":"closed","ping_status":"open","sticky":false,"template":"","format":"standard","meta":{"footnotes":""},"categories":[1,28,51],"tags":[],"class_list":["post-14985","post","type-post","status-publish","format-standard","has-post-thumbnail","hentry","category-acontecer","category-actual","category-chiloe"],"rttpg_featured_image_url":{"full":["https:\/\/elconquistadorredloslagos.cl\/test\/wp-content\/uploads\/2025\/10\/img_-5.jpg",1920,1080,false],"landscape":["https:\/\/elconquistadorredloslagos.cl\/test\/wp-content\/uploads\/2025\/10\/img_-5.jpg",1920,1080,false],"portraits":["https:\/\/elconquistadorredloslagos.cl\/test\/wp-content\/uploads\/2025\/10\/img_-5.jpg",1920,1080,false],"thumbnail":["https:\/\/elconquistadorredloslagos.cl\/test\/wp-content\/uploads\/2025\/10\/img_-5-150x150.jpg",150,150,true],"medium":["https:\/\/elconquistadorredloslagos.cl\/test\/wp-content\/uploads\/2025\/10\/img_-5-300x169.jpg",300,169,true],"large":["https:\/\/elconquistadorredloslagos.cl\/test\/wp-content\/uploads\/2025\/10\/img_-5-1024x576.jpg",1024,576,true],"1536x1536":["https:\/\/elconquistadorredloslagos.cl\/test\/wp-content\/uploads\/2025\/10\/img_-5-1536x864.jpg",1536,864,true],"2048x2048":["https:\/\/elconquistadorredloslagos.cl\/test\/wp-content\/uploads\/2025\/10\/img_-5.jpg",1920,1080,false]},"rttpg_author":{"display_name":"ccardenas","author_link":"https:\/\/elconquistadorredloslagos.cl\/test\/blog\/author\/ccardenas\/"},"rttpg_comment":0,"rttpg_category":"<a href=\"https:\/\/elconquistadorredloslagos.cl\/test\/blog\/category\/actual\/acontecer\/\" rel=\"category tag\">Acontecer<\/a> <a href=\"https:\/\/elconquistadorredloslagos.cl\/test\/blog\/category\/actual\/\" rel=\"category tag\">Actualidad<\/a> <a href=\"https:\/\/elconquistadorredloslagos.cl\/test\/blog\/category\/chile\/chiloe\/\" rel=\"category tag\">Chilo\u00e9<\/a>","rttpg_excerpt":"Pese a las reiteradas campa\u00f1as preventivas que buscan evitar la conducci\u00f3n bajo los efectos del alcohol, un nuevo caso de irresponsabilidad vial se registr\u00f3 el fin de semana en la..","_links":{"self":[{"href":"https:\/\/elconquistadorredloslagos.cl\/test\/wp-json\/wp\/v2\/posts\/14985","targetHints":{"allow":["GET"]}}],"collection":[{"href":"https:\/\/elconquistadorredloslagos.cl\/test\/wp-json\/wp\/v2\/posts"}],"about":[{"href":"https:\/\/elconquistadorredloslagos.cl\/test\/wp-json\/wp\/v2\/types\/post"}],"author":[{"embeddable":true,"href":"https:\/\/elconquistadorredloslagos.cl\/test\/wp-json\/wp\/v2\/users\/2"}],"replies":[{"embeddable":true,"href":"https:\/\/elconquistadorredloslagos.cl\/test\/wp-json\/wp\/v2\/comments?post=14985"}],"version-history":[{"count":1,"href":"https:\/\/elconquistadorredloslagos.cl\/test\/wp-json\/wp\/v2\/posts\/14985\/revisions"}],"predecessor-version":[{"id":14989,"href":"https:\/\/elconquistadorredloslagos.cl\/test\/wp-json\/wp\/v2\/posts\/14985\/revisions\/14989"}],"wp:featuredmedia":[{"embeddable":true,"href":"https:\/\/elconquistadorredloslagos.cl\/test\/wp-json\/wp\/v2\/media\/14990"}],"wp:attachment":[{"href":"https:\/\/elconquistadorredloslagos.cl\/test\/wp-json\/wp\/v2\/media?parent=14985"}],"wp:term":[{"taxonomy":"category","embeddable":true,"href":"https:\/\/elconquistadorredloslagos.cl\/test\/wp-json\/wp\/v2\/categories?post=14985"},{"taxonomy":"post_tag","embeddable":true,"href":"https:\/\/elconquistadorredloslagos.cl\/test\/wp-json\/wp\/v2\/tags?post=14985"}],"curies":[{"name":"wp","href":"https:\/\/api.w.org\/{rel}","templated":true}]}}