{"id":14973,"date":"2025-10-13T13:43:27","date_gmt":"2025-10-13T16:43:27","guid":{"rendered":"https:\/\/elconquistadorredloslagos.cl\/test\/?p=14973"},"modified":"2025-10-13T13:43:28","modified_gmt":"2025-10-13T16:43:28","slug":"rechazan-propuesta-indigena-para-administrar-56-mil-hectareas-del-borde-costero-en-puerto-montt","status":"publish","type":"post","link":"https:\/\/elconquistadorredloslagos.cl\/test\/blog\/2025\/10\/13\/rechazan-propuesta-indigena-para-administrar-56-mil-hectareas-del-borde-costero-en-puerto-montt\/","title":{"rendered":"Rechazan propuesta ind\u00edgena para administrar 56 mil hect\u00e1reas del borde costero en Puerto Montt"},"content":{"rendered":"\n<p>La Comisi\u00f3n Regional de Uso del Borde Costero (Crubc) de Los Lagos rechaz\u00f3 la solicitud presentada por la asociaci\u00f3n Ngulam \u00d1uke Lafken para la creaci\u00f3n de un Espacio Costero Marino de Pueblos Originarios (Ecmpo) en la zona de Puerto Montt. La iniciativa buscaba reconocer el uso ancestral de m\u00e1s de 56 mil hect\u00e1reas del borde costero, bajo el amparo de la Ley Lafkenche.<\/p>\n\n\n\n<p>La propuesta pretend\u00eda otorgar a las comunidades la administraci\u00f3n del \u00e1rea para fines ceremoniales, medicinales, extractivos y recreativos, abarcando desde el l\u00edmite entre las provincias de Llanquihue y Palena hasta Calbuco, incluyendo diversas islas.<\/p>\n\n\n\n<p>Durante la sesi\u00f3n, todos los miembros de la Crubc votaron en contra, mientras que el Ministerio del Medio Ambiente, la Municipalidad de San Juan de la Costa, Conadi y dos representantes ind\u00edgenas optaron por abstenerse.<\/p>\n\n\n\n<p>El rechazo gener\u00f3 indignaci\u00f3n entre las comunidades mapuche-huilliche presentes, que acusaron presiones del sector salmonero e instaron a las autoridades a no modificar la Ley Lafkenche. \u201cAqu\u00ed se llama a cuidar y proteger para las futuras generaciones\u201d, expresaron sus voceros.<\/p>\n","protected":false},"excerpt":{"rendered":"<p>La Comisi\u00f3n Regional de Uso del Borde Costero (Crubc) de Los Lagos rechaz\u00f3 la solicitud presentada por la asociaci\u00f3n Ngulam \u00d1uke Lafken para la creaci\u00f3n de un Espacio Costero Marino..<\/p>\n","protected":false},"author":2,"featured_media":14974,"comment_status":"closed","ping_status":"open","sticky":false,"template":"","format":"standard","meta":{"footnotes":""},"categories":[1,28,38,56],"tags":[],"class_list":["post-14973","post","type-post","status-publish","format-standard","has-post-thumbnail","hentry","category-acontecer","category-actual","category-politica","category-puerto-montt"],"rttpg_featured_image_url":{"full":["https:\/\/elconquistadorredloslagos.cl\/test\/wp-content\/uploads\/2025\/10\/img_-1.jpg",1920,1080,false],"landscape":["https:\/\/elconquistadorredloslagos.cl\/test\/wp-content\/uploads\/2025\/10\/img_-1.jpg",1920,1080,false],"portraits":["https:\/\/elconquistadorredloslagos.cl\/test\/wp-content\/uploads\/2025\/10\/img_-1.jpg",1920,1080,false],"thumbnail":["https:\/\/elconquistadorredloslagos.cl\/test\/wp-content\/uploads\/2025\/10\/img_-1-150x150.jpg",150,150,true],"medium":["https:\/\/elconquistadorredloslagos.cl\/test\/wp-content\/uploads\/2025\/10\/img_-1-300x169.jpg",300,169,true],"large":["https:\/\/elconquistadorredloslagos.cl\/test\/wp-content\/uploads\/2025\/10\/img_-1-1024x576.jpg",1024,576,true],"1536x1536":["https:\/\/elconquistadorredloslagos.cl\/test\/wp-content\/uploads\/2025\/10\/img_-1-1536x864.jpg",1536,864,true],"2048x2048":["https:\/\/elconquistadorredloslagos.cl\/test\/wp-content\/uploads\/2025\/10\/img_-1.jpg",1920,1080,false]},"rttpg_author":{"display_name":"ccardenas","author_link":"https:\/\/elconquistadorredloslagos.cl\/test\/blog\/author\/ccardenas\/"},"rttpg_comment":0,"rttpg_category":"<a href=\"https:\/\/elconquistadorredloslagos.cl\/test\/blog\/category\/actual\/acontecer\/\" rel=\"category tag\">Acontecer<\/a> <a href=\"https:\/\/elconquistadorredloslagos.cl\/test\/blog\/category\/actual\/\" rel=\"category tag\">Actualidad<\/a> <a href=\"https:\/\/elconquistadorredloslagos.cl\/test\/blog\/category\/actual\/politica\/\" rel=\"category tag\">Politica<\/a> <a href=\"https:\/\/elconquistadorredloslagos.cl\/test\/blog\/category\/chile\/puerto-montt\/\" rel=\"category tag\">Puerto Montt<\/a>","rttpg_excerpt":"La Comisi\u00f3n Regional de Uso del Borde Costero (Crubc) de Los Lagos rechaz\u00f3 la solicitud presentada por la asociaci\u00f3n Ngulam \u00d1uke Lafken para la creaci\u00f3n de un Espacio Costero Marino..","_links":{"self":[{"href":"https:\/\/elconquistadorredloslagos.cl\/test\/wp-json\/wp\/v2\/posts\/14973","targetHints":{"allow":["GET"]}}],"collection":[{"href":"https:\/\/elconquistadorredloslagos.cl\/test\/wp-json\/wp\/v2\/posts"}],"about":[{"href":"https:\/\/elconquistadorredloslagos.cl\/test\/wp-json\/wp\/v2\/types\/post"}],"author":[{"embeddable":true,"href":"https:\/\/elconquistadorredloslagos.cl\/test\/wp-json\/wp\/v2\/users\/2"}],"replies":[{"embeddable":true,"href":"https:\/\/elconquistadorredloslagos.cl\/test\/wp-json\/wp\/v2\/comments?post=14973"}],"version-history":[{"count":1,"href":"https:\/\/elconquistadorredloslagos.cl\/test\/wp-json\/wp\/v2\/posts\/14973\/revisions"}],"predecessor-version":[{"id":14975,"href":"https:\/\/elconquistadorredloslagos.cl\/test\/wp-json\/wp\/v2\/posts\/14973\/revisions\/14975"}],"wp:featuredmedia":[{"embeddable":true,"href":"https:\/\/elconquistadorredloslagos.cl\/test\/wp-json\/wp\/v2\/media\/14974"}],"wp:attachment":[{"href":"https:\/\/elconquistadorredloslagos.cl\/test\/wp-json\/wp\/v2\/media?parent=14973"}],"wp:term":[{"taxonomy":"category","embeddable":true,"href":"https:\/\/elconquistadorredloslagos.cl\/test\/wp-json\/wp\/v2\/categories?post=14973"},{"taxonomy":"post_tag","embeddable":true,"href":"https:\/\/elconquistadorredloslagos.cl\/test\/wp-json\/wp\/v2\/tags?post=14973"}],"curies":[{"name":"wp","href":"https:\/\/api.w.org\/{rel}","templated":true}]}}