{"id":14968,"date":"2025-10-13T13:36:08","date_gmt":"2025-10-13T16:36:08","guid":{"rendered":"https:\/\/elconquistadorredloslagos.cl\/test\/?p=14968"},"modified":"2025-10-13T13:36:08","modified_gmt":"2025-10-13T16:36:08","slug":"galpon-estacion-de-puerto-varas-renueva-su-fachada-con-programa-chile-pinta-2025","status":"publish","type":"post","link":"https:\/\/elconquistadorredloslagos.cl\/test\/blog\/2025\/10\/13\/galpon-estacion-de-puerto-varas-renueva-su-fachada-con-programa-chile-pinta-2025\/","title":{"rendered":"Galp\u00f3n Estaci\u00f3n de Puerto Varas renueva su fachada con programa \u201cChile Pinta 2025\u201d"},"content":{"rendered":"\n<p>El emblem\u00e1tico Galp\u00f3n Estaci\u00f3n de Puerto Varas fue beneficiado con una completa restauraci\u00f3n y embellecimiento de su fachada, como parte del programa Chile Pinta 2025, iniciativa impulsada por Sodimac y la Fundaci\u00f3n Parque Sur. Desde su lanzamiento en 2008, el programa ha revitalizado espacios sociales y culturales en todo el pa\u00eds, promoviendo el trabajo colaborativo y el fortalecimiento de los lazos comunitarios.<\/p>\n\n\n\n<p>La ceremonia oficial de entrega se realiz\u00f3 este s\u00e1bado en el frontis del recinto, con la participaci\u00f3n de vecinos, voluntarios, estudiantes, representantes de empresas y autoridades locales.<\/p>\n\n\n\n<p>La intervenci\u00f3n dur\u00f3 tres d\u00edas y fue posible gracias al entusiasmo y compromiso de estudiantes del Colegio Patagonia, vecinos y voluntarios, quienes trabajaron en la preparaci\u00f3n, pintura y embellecimiento del espacio. Esta acci\u00f3n reflej\u00f3 el esp\u00edritu colaborativo que caracteriza a Chile Pinta, donde la comunidad es protagonista.<\/p>\n\n\n\n<p>El Parque Estaci\u00f3n, donde se ubica el Galp\u00f3n, es un proyecto urbano nacido desde la ciudadan\u00eda para recuperar terrenos de la antigua estaci\u00f3n de trenes y convertirlos en un espacio p\u00fablico inclusivo, cultural y activo. Actualmente alberga cada s\u00e1bado la Feria Puerto Varas y El Mercadito, instancias que fortalecen la econom\u00eda local y el emprendimiento comunitario.<\/p>\n\n\n\n<p>La ceremonia cont\u00f3 con la presencia de Rodrigo Eterovic, director de Fundaci\u00f3n Parque Sur; Sebasti\u00e1n Solar, subgerente de marketing de Sodimac; Pablo Gonz\u00e1lez, gerente de la tienda Alerce de Puerto Montt, adem\u00e1s de representantes de empresas auspiciadoras, estudiantes y vecinos.<\/p>\n\n\n\n<p>\u201cNos enorgullece que Parque Estaci\u00f3n haya sido seleccionado para participar en Chile Pinta 2025. Gracias a la colaboraci\u00f3n con Sodimac, Ceresita y la comunidad, este lugar seguir\u00e1 siendo un s\u00edmbolo de encuentro y pertenencia\u201d, destac\u00f3 Rodrigo Eterovic, director de Fundaci\u00f3n Parque Sur.<\/p>\n\n\n\n<p>Por su parte, Sebasti\u00e1n Solar, subgerente de marketing de Sodimac, se\u00f1al\u00f3 que \u201cla renovaci\u00f3n de la fachada del Galp\u00f3n Estaci\u00f3n no solo preserva su memoria, tambi\u00e9n aporta color, dinamismo y participaci\u00f3n ciudadana, fortaleciendo el sentido de pertenencia y orgullo en la comunidad\u201d.<\/p>\n\n\n\n<p>Chile Pinta ha intervenido espacios en diversas localidades del pa\u00eds, incluyendo Antofagasta, La Calera, Puente Alto y Temuco. En esta versi\u00f3n 2025, su recorrido continuar\u00e1 por Concepci\u00f3n, Santiago y Puerto Montt, sumando nuevos hitos a su labor de recuperaci\u00f3n urbana y cultural.<\/p>\n\n\n\n<p>La comunidad de Puerto Varas fue invitada a seguir participando activamente en estas iniciativas que fortalecen la identidad local y el desarrollo territorial.<\/p>\n","protected":false},"excerpt":{"rendered":"<p>El emblem\u00e1tico Galp\u00f3n Estaci\u00f3n de Puerto Varas fue beneficiado con una completa restauraci\u00f3n y embellecimiento de su fachada, como parte del programa Chile Pinta 2025, iniciativa impulsada por Sodimac y..<\/p>\n","protected":false},"author":7,"featured_media":14969,"comment_status":"closed","ping_status":"open","sticky":false,"template":"","format":"standard","meta":{"footnotes":""},"categories":[28,54,56],"tags":[],"class_list":["post-14968","post","type-post","status-publish","format-standard","has-post-thumbnail","hentry","category-actual","category-lago-llanquihue","category-puerto-montt"],"rttpg_featured_image_url":{"full":["https:\/\/elconquistadorredloslagos.cl\/test\/wp-content\/uploads\/2025\/10\/sodimac-puerto-varas.png",1920,1080,false],"landscape":["https:\/\/elconquistadorredloslagos.cl\/test\/wp-content\/uploads\/2025\/10\/sodimac-puerto-varas.png",1920,1080,false],"portraits":["https:\/\/elconquistadorredloslagos.cl\/test\/wp-content\/uploads\/2025\/10\/sodimac-puerto-varas.png",1920,1080,false],"thumbnail":["https:\/\/elconquistadorredloslagos.cl\/test\/wp-content\/uploads\/2025\/10\/sodimac-puerto-varas-150x150.png",150,150,true],"medium":["https:\/\/elconquistadorredloslagos.cl\/test\/wp-content\/uploads\/2025\/10\/sodimac-puerto-varas-300x169.png",300,169,true],"large":["https:\/\/elconquistadorredloslagos.cl\/test\/wp-content\/uploads\/2025\/10\/sodimac-puerto-varas-1024x576.png",1024,576,true],"1536x1536":["https:\/\/elconquistadorredloslagos.cl\/test\/wp-content\/uploads\/2025\/10\/sodimac-puerto-varas-1536x864.png",1536,864,true],"2048x2048":["https:\/\/elconquistadorredloslagos.cl\/test\/wp-content\/uploads\/2025\/10\/sodimac-puerto-varas.png",1920,1080,false]},"rttpg_author":{"display_name":"enzodelahoz1988","author_link":"https:\/\/elconquistadorredloslagos.cl\/test\/blog\/author\/enzodelahoz1988\/"},"rttpg_comment":0,"rttpg_category":"<a href=\"https:\/\/elconquistadorredloslagos.cl\/test\/blog\/category\/actual\/\" rel=\"category tag\">Actualidad<\/a> <a href=\"https:\/\/elconquistadorredloslagos.cl\/test\/blog\/category\/chile\/lago-llanquihue\/\" rel=\"category tag\">Lago LLanquihue<\/a> <a href=\"https:\/\/elconquistadorredloslagos.cl\/test\/blog\/category\/chile\/puerto-montt\/\" rel=\"category tag\">Puerto Montt<\/a>","rttpg_excerpt":"El emblem\u00e1tico Galp\u00f3n Estaci\u00f3n de Puerto Varas fue beneficiado con una completa restauraci\u00f3n y embellecimiento de su fachada, como parte del programa Chile Pinta 2025, iniciativa impulsada por Sodimac y..","_links":{"self":[{"href":"https:\/\/elconquistadorredloslagos.cl\/test\/wp-json\/wp\/v2\/posts\/14968","targetHints":{"allow":["GET"]}}],"collection":[{"href":"https:\/\/elconquistadorredloslagos.cl\/test\/wp-json\/wp\/v2\/posts"}],"about":[{"href":"https:\/\/elconquistadorredloslagos.cl\/test\/wp-json\/wp\/v2\/types\/post"}],"author":[{"embeddable":true,"href":"https:\/\/elconquistadorredloslagos.cl\/test\/wp-json\/wp\/v2\/users\/7"}],"replies":[{"embeddable":true,"href":"https:\/\/elconquistadorredloslagos.cl\/test\/wp-json\/wp\/v2\/comments?post=14968"}],"version-history":[{"count":1,"href":"https:\/\/elconquistadorredloslagos.cl\/test\/wp-json\/wp\/v2\/posts\/14968\/revisions"}],"predecessor-version":[{"id":14970,"href":"https:\/\/elconquistadorredloslagos.cl\/test\/wp-json\/wp\/v2\/posts\/14968\/revisions\/14970"}],"wp:featuredmedia":[{"embeddable":true,"href":"https:\/\/elconquistadorredloslagos.cl\/test\/wp-json\/wp\/v2\/media\/14969"}],"wp:attachment":[{"href":"https:\/\/elconquistadorredloslagos.cl\/test\/wp-json\/wp\/v2\/media?parent=14968"}],"wp:term":[{"taxonomy":"category","embeddable":true,"href":"https:\/\/elconquistadorredloslagos.cl\/test\/wp-json\/wp\/v2\/categories?post=14968"},{"taxonomy":"post_tag","embeddable":true,"href":"https:\/\/elconquistadorredloslagos.cl\/test\/wp-json\/wp\/v2\/tags?post=14968"}],"curies":[{"name":"wp","href":"https:\/\/api.w.org\/{rel}","templated":true}]}}