{"id":14967,"date":"2025-10-13T13:38:42","date_gmt":"2025-10-13T16:38:42","guid":{"rendered":"https:\/\/elconquistadorredloslagos.cl\/test\/?p=14967"},"modified":"2025-10-13T13:38:42","modified_gmt":"2025-10-13T16:38:42","slug":"servicio-de-salud-del-reloncavi-analiza-fin-de-contrato-con-empresa-de-aeroambulancias-suspendida-por-la-dgac","status":"publish","type":"post","link":"https:\/\/elconquistadorredloslagos.cl\/test\/blog\/2025\/10\/13\/servicio-de-salud-del-reloncavi-analiza-fin-de-contrato-con-empresa-de-aeroambulancias-suspendida-por-la-dgac\/","title":{"rendered":"Servicio de Salud del Reloncav\u00ed analiza fin de contrato con empresa de aeroambulancias suspendida por la DGAC"},"content":{"rendered":"\n<p>El Servicio de Salud del Reloncav\u00ed eval\u00faa poner t\u00e9rmino anticipado al contrato con la empresa AeroTAC, encargada de los traslados a\u00e9reos de emergencia en la regi\u00f3n de Los Lagos. La medida se analiza luego de que la Direcci\u00f3n General de Aeron\u00e1utica Civil (DGAC) suspendiera sus operaciones tras incumplimientos en su Manual de Seguridad Operacional.<\/p>\n\n\n\n<p>AeroTAC fue notificada de la suspensi\u00f3n el pasado 15 de septiembre, d\u00edas despu\u00e9s de protagonizar dos emergencias a\u00e9reas que obligaron a realizar aterrizajes controlados, uno en el Aeropuerto El Tepual de Puerto Montt y otro en la comuna de Olivar, regi\u00f3n de O\u2019Higgins. Aunque la DGAC investiga ambos incidentes, aclar\u00f3 que estos no motivaron directamente la sanci\u00f3n.<\/p>\n\n\n\n<p>La situaci\u00f3n mantiene en alerta al Servicio de Salud, ya que la compa\u00f1\u00eda es la \u00fanica contratada para evacuar pacientes cr\u00edticos, especialmente desde la provincia de Palena. La directora del organismo, B\u00e1rbara Del Pino, se\u00f1al\u00f3 que buscan alternativas y esperan contar con m\u00e1s oferentes en el futuro.<\/p>\n\n\n\n<p>Por ahora, se est\u00e1n realizando compras directas con Transportes A\u00e9reos San Rafael y Ra\u00fal Atala, con costos que fluct\u00faan entre 3 y 8 millones de pesos por traslado, monto cubierto por recursos estatales dada la urgencia m\u00e9dica. Desde AeroTAC, en tanto, lamentaron la situaci\u00f3n y aseguraron que trabajan en resolver las observaciones de la DGAC a la brevedad.<\/p>\n\n\n\n<p>\ud83d\udcf7 Redes sociales<\/p>\n","protected":false},"excerpt":{"rendered":"<p>El Servicio de Salud del Reloncav\u00ed eval\u00faa poner t\u00e9rmino anticipado al contrato con la empresa AeroTAC, encargada de los traslados a\u00e9reos de emergencia en la regi\u00f3n de Los Lagos. La..<\/p>\n","protected":false},"author":2,"featured_media":14971,"comment_status":"closed","ping_status":"open","sticky":false,"template":"","format":"standard","meta":{"footnotes":""},"categories":[1,28,56],"tags":[],"class_list":["post-14967","post","type-post","status-publish","format-standard","has-post-thumbnail","hentry","category-acontecer","category-actual","category-puerto-montt"],"rttpg_featured_image_url":{"full":["https:\/\/elconquistadorredloslagos.cl\/test\/wp-content\/uploads\/2025\/10\/img_.jpg",1920,1080,false],"landscape":["https:\/\/elconquistadorredloslagos.cl\/test\/wp-content\/uploads\/2025\/10\/img_.jpg",1920,1080,false],"portraits":["https:\/\/elconquistadorredloslagos.cl\/test\/wp-content\/uploads\/2025\/10\/img_.jpg",1920,1080,false],"thumbnail":["https:\/\/elconquistadorredloslagos.cl\/test\/wp-content\/uploads\/2025\/10\/img_-150x150.jpg",150,150,true],"medium":["https:\/\/elconquistadorredloslagos.cl\/test\/wp-content\/uploads\/2025\/10\/img_-300x169.jpg",300,169,true],"large":["https:\/\/elconquistadorredloslagos.cl\/test\/wp-content\/uploads\/2025\/10\/img_-1024x576.jpg",1024,576,true],"1536x1536":["https:\/\/elconquistadorredloslagos.cl\/test\/wp-content\/uploads\/2025\/10\/img_-1536x864.jpg",1536,864,true],"2048x2048":["https:\/\/elconquistadorredloslagos.cl\/test\/wp-content\/uploads\/2025\/10\/img_.jpg",1920,1080,false]},"rttpg_author":{"display_name":"ccardenas","author_link":"https:\/\/elconquistadorredloslagos.cl\/test\/blog\/author\/ccardenas\/"},"rttpg_comment":0,"rttpg_category":"<a href=\"https:\/\/elconquistadorredloslagos.cl\/test\/blog\/category\/actual\/acontecer\/\" rel=\"category tag\">Acontecer<\/a> <a href=\"https:\/\/elconquistadorredloslagos.cl\/test\/blog\/category\/actual\/\" rel=\"category tag\">Actualidad<\/a> <a href=\"https:\/\/elconquistadorredloslagos.cl\/test\/blog\/category\/chile\/puerto-montt\/\" rel=\"category tag\">Puerto Montt<\/a>","rttpg_excerpt":"El Servicio de Salud del Reloncav\u00ed eval\u00faa poner t\u00e9rmino anticipado al contrato con la empresa AeroTAC, encargada de los traslados a\u00e9reos de emergencia en la regi\u00f3n de Los Lagos. La..","_links":{"self":[{"href":"https:\/\/elconquistadorredloslagos.cl\/test\/wp-json\/wp\/v2\/posts\/14967","targetHints":{"allow":["GET"]}}],"collection":[{"href":"https:\/\/elconquistadorredloslagos.cl\/test\/wp-json\/wp\/v2\/posts"}],"about":[{"href":"https:\/\/elconquistadorredloslagos.cl\/test\/wp-json\/wp\/v2\/types\/post"}],"author":[{"embeddable":true,"href":"https:\/\/elconquistadorredloslagos.cl\/test\/wp-json\/wp\/v2\/users\/2"}],"replies":[{"embeddable":true,"href":"https:\/\/elconquistadorredloslagos.cl\/test\/wp-json\/wp\/v2\/comments?post=14967"}],"version-history":[{"count":1,"href":"https:\/\/elconquistadorredloslagos.cl\/test\/wp-json\/wp\/v2\/posts\/14967\/revisions"}],"predecessor-version":[{"id":14972,"href":"https:\/\/elconquistadorredloslagos.cl\/test\/wp-json\/wp\/v2\/posts\/14967\/revisions\/14972"}],"wp:featuredmedia":[{"embeddable":true,"href":"https:\/\/elconquistadorredloslagos.cl\/test\/wp-json\/wp\/v2\/media\/14971"}],"wp:attachment":[{"href":"https:\/\/elconquistadorredloslagos.cl\/test\/wp-json\/wp\/v2\/media?parent=14967"}],"wp:term":[{"taxonomy":"category","embeddable":true,"href":"https:\/\/elconquistadorredloslagos.cl\/test\/wp-json\/wp\/v2\/categories?post=14967"},{"taxonomy":"post_tag","embeddable":true,"href":"https:\/\/elconquistadorredloslagos.cl\/test\/wp-json\/wp\/v2\/tags?post=14967"}],"curies":[{"name":"wp","href":"https:\/\/api.w.org\/{rel}","templated":true}]}}