{"id":14950,"date":"2025-10-12T15:42:51","date_gmt":"2025-10-12T18:42:51","guid":{"rendered":"https:\/\/elconquistadorredloslagos.cl\/test\/?p=14950"},"modified":"2025-10-13T12:42:06","modified_gmt":"2025-10-13T15:42:06","slug":"empresas-fegosa-proyecta-expansion-en-mercados-internacionales-de-la-carne","status":"publish","type":"post","link":"https:\/\/elconquistadorredloslagos.cl\/test\/blog\/2025\/10\/12\/empresas-fegosa-proyecta-expansion-en-mercados-internacionales-de-la-carne\/","title":{"rendered":"Empresas Feria Osorno S.A. proyecta expansi\u00f3n en Mercados Internacionales de la Carne"},"content":{"rendered":"\n<p>Empresas Fegosa reafirma su compromiso con la proyecci\u00f3n internacional del rubro c\u00e1rnico chileno, destacando las oportunidades que hoy se abren en los mercados globales gracias al trabajo conjunto entre el sector productivo, los exportadores y las autoridades sanitarias del pa\u00eds.<br><br>En su reciente intervenci\u00f3n, el Gerente General de Empresas Feria Osorno S.A., Alejandro Anwandter Grallert, abord\u00f3 la relevancia de mantener una estrategia s\u00f3lida de diversificaci\u00f3n de destinos, especialmente en un contexto global marcado por nuevas exigencias de inocuidad, sustentabilidad y trazabilidad. \u201cEl desaf\u00edo est\u00e1 en seguir posicionando a Chile como un proveedor confiable y competitivo de carne de alta calidad, fortaleciendo nuestra presencia en Asia, Europa y Am\u00e9rica Latina, sin perder de vista la responsabilidad ambiental y el bienestar animal\u201d, se\u00f1al\u00f3 el ejecutivo.<br><br>Anwandter enfatiz\u00f3 adem\u00e1s que el crecimiento del sector depende de la capacidad de adaptarse a las tendencias del consumo internacional, que hoy demandan productos con mayor valor agregado, transparencia en su origen y procesos productivos respetuosos con el entorno. \u201cLa apertura a nuevos mercados no solo impulsa las exportaciones, sino que tambi\u00e9n eleva los est\u00e1ndares internos de producci\u00f3n, beneficiando a toda la cadena ganadera nacional\u201d, agreg\u00f3.<\/p>\n\n\n\n<p><br>Empresas Feria Osorno S.A., con a\u00f1os de trayectoria en el rubro, continuar\u00e1 fortaleciendo su participaci\u00f3n en ferias y encuentros internacionales, buscando consolidar alianzas estrat\u00e9gicas que potencien la presencia de la carne chilena en los principales mercados del mundo. Su visi\u00f3n a largo plazo es seguir contribuyendo al desarrollo sostenible del sector, impulsando la innovaci\u00f3n, la eficiencia productiva y la creaci\u00f3n de valor para los productores, colaboradores y comunidades locales.<\/p>\n\n\n\n<figure class=\"wp-block-gallery has-nested-images columns-default is-cropped wp-block-gallery-1 is-layout-flex wp-block-gallery-is-layout-flex\">\n<figure class=\"wp-block-image size-full\"><img loading=\"lazy\" decoding=\"async\" width=\"319\" height=\"180\" data-id=\"14953\" src=\"https:\/\/elconquistadorredloslagos.cl\/test\/wp-content\/uploads\/2025\/10\/Carnes-rojas.jpeg\" alt=\"\" class=\"wp-image-14953\" \/><\/figure>\n<\/figure>\n","protected":false},"excerpt":{"rendered":"<p>Empresas Fegosa reafirma su compromiso con la proyecci\u00f3n internacional del rubro c\u00e1rnico chileno, destacando las oportunidades que hoy se abren en los mercados globales gracias al trabajo conjunto entre el..<\/p>\n","protected":false},"author":9,"featured_media":14961,"comment_status":"closed","ping_status":"open","sticky":false,"template":"","format":"standard","meta":{"footnotes":""},"categories":[28,25,53,52,55],"tags":[],"class_list":["post-14950","post","type-post","status-publish","format-standard","has-post-thumbnail","hentry","category-actual","category-empresas","category-mundo","category-chile","category-osorno"],"rttpg_featured_image_url":{"full":["https:\/\/elconquistadorredloslagos.cl\/test\/wp-content\/uploads\/2025\/10\/WhatsApp-Image-2025-10-13-at-11.16.35-AM.jpeg",1600,1067,false],"landscape":["https:\/\/elconquistadorredloslagos.cl\/test\/wp-content\/uploads\/2025\/10\/WhatsApp-Image-2025-10-13-at-11.16.35-AM.jpeg",1600,1067,false],"portraits":["https:\/\/elconquistadorredloslagos.cl\/test\/wp-content\/uploads\/2025\/10\/WhatsApp-Image-2025-10-13-at-11.16.35-AM.jpeg",1600,1067,false],"thumbnail":["https:\/\/elconquistadorredloslagos.cl\/test\/wp-content\/uploads\/2025\/10\/WhatsApp-Image-2025-10-13-at-11.16.35-AM-150x150.jpeg",150,150,true],"medium":["https:\/\/elconquistadorredloslagos.cl\/test\/wp-content\/uploads\/2025\/10\/WhatsApp-Image-2025-10-13-at-11.16.35-AM-300x200.jpeg",300,200,true],"large":["https:\/\/elconquistadorredloslagos.cl\/test\/wp-content\/uploads\/2025\/10\/WhatsApp-Image-2025-10-13-at-11.16.35-AM-1024x683.jpeg",1024,683,true],"1536x1536":["https:\/\/elconquistadorredloslagos.cl\/test\/wp-content\/uploads\/2025\/10\/WhatsApp-Image-2025-10-13-at-11.16.35-AM-1536x1024.jpeg",1536,1024,true],"2048x2048":["https:\/\/elconquistadorredloslagos.cl\/test\/wp-content\/uploads\/2025\/10\/WhatsApp-Image-2025-10-13-at-11.16.35-AM.jpeg",1600,1067,false]},"rttpg_author":{"display_name":"mcifuentes","author_link":"https:\/\/elconquistadorredloslagos.cl\/test\/blog\/author\/mcifuentes\/"},"rttpg_comment":0,"rttpg_category":"<a href=\"https:\/\/elconquistadorredloslagos.cl\/test\/blog\/category\/actual\/\" rel=\"category tag\">Actualidad<\/a> <a href=\"https:\/\/elconquistadorredloslagos.cl\/test\/blog\/category\/empresas\/\" rel=\"category tag\">Empresarial<\/a> <a href=\"https:\/\/elconquistadorredloslagos.cl\/test\/blog\/category\/mundo\/\" rel=\"category tag\">Internacional<\/a> <a href=\"https:\/\/elconquistadorredloslagos.cl\/test\/blog\/category\/chile\/\" rel=\"category tag\">Nacional<\/a> <a href=\"https:\/\/elconquistadorredloslagos.cl\/test\/blog\/category\/chile\/osorno\/\" rel=\"category tag\">Osorno<\/a>","rttpg_excerpt":"Empresas Fegosa reafirma su compromiso con la proyecci\u00f3n internacional del rubro c\u00e1rnico chileno, destacando las oportunidades que hoy se abren en los mercados globales gracias al trabajo conjunto entre el..","_links":{"self":[{"href":"https:\/\/elconquistadorredloslagos.cl\/test\/wp-json\/wp\/v2\/posts\/14950","targetHints":{"allow":["GET"]}}],"collection":[{"href":"https:\/\/elconquistadorredloslagos.cl\/test\/wp-json\/wp\/v2\/posts"}],"about":[{"href":"https:\/\/elconquistadorredloslagos.cl\/test\/wp-json\/wp\/v2\/types\/post"}],"author":[{"embeddable":true,"href":"https:\/\/elconquistadorredloslagos.cl\/test\/wp-json\/wp\/v2\/users\/9"}],"replies":[{"embeddable":true,"href":"https:\/\/elconquistadorredloslagos.cl\/test\/wp-json\/wp\/v2\/comments?post=14950"}],"version-history":[{"count":4,"href":"https:\/\/elconquistadorredloslagos.cl\/test\/wp-json\/wp\/v2\/posts\/14950\/revisions"}],"predecessor-version":[{"id":14966,"href":"https:\/\/elconquistadorredloslagos.cl\/test\/wp-json\/wp\/v2\/posts\/14950\/revisions\/14966"}],"wp:featuredmedia":[{"embeddable":true,"href":"https:\/\/elconquistadorredloslagos.cl\/test\/wp-json\/wp\/v2\/media\/14961"}],"wp:attachment":[{"href":"https:\/\/elconquistadorredloslagos.cl\/test\/wp-json\/wp\/v2\/media?parent=14950"}],"wp:term":[{"taxonomy":"category","embeddable":true,"href":"https:\/\/elconquistadorredloslagos.cl\/test\/wp-json\/wp\/v2\/categories?post=14950"},{"taxonomy":"post_tag","embeddable":true,"href":"https:\/\/elconquistadorredloslagos.cl\/test\/wp-json\/wp\/v2\/tags?post=14950"}],"curies":[{"name":"wp","href":"https:\/\/api.w.org\/{rel}","templated":true}]}}