{"id":14793,"date":"2025-10-07T15:44:29","date_gmt":"2025-10-07T18:44:29","guid":{"rendered":"https:\/\/elconquistadorredloslagos.cl\/test\/?p=14793"},"modified":"2025-10-07T15:44:30","modified_gmt":"2025-10-07T18:44:30","slug":"trabajos-de-soldadura-provocaron-emergencia-en-barcaza-atracada-en-puerto-montt","status":"publish","type":"post","link":"https:\/\/elconquistadorredloslagos.cl\/test\/blog\/2025\/10\/07\/trabajos-de-soldadura-provocaron-emergencia-en-barcaza-atracada-en-puerto-montt\/","title":{"rendered":"Trabajos de soldadura provocaron emergencia en barcaza atracada en Puerto Montt"},"content":{"rendered":"\n<p>Una emergencia mar\u00edtima moviliz\u00f3 a distintos equipos de rescate en el puerto Empormontt de Puerto Montt, luego de que faenas de soldadura pusieran en riesgo de incendio a la barcaza <em>Narval<\/em>, que se encontraba atracada en el sector de Angelm\u00f3.<\/p>\n\n\n\n<p>El incidente ocurri\u00f3 mientras se realizaban labores de mantenimiento a bordo, cuando las chispas del trabajo con metal generaron un foco de humo que alert\u00f3 al personal de la nave y a la autoridad mar\u00edtima. De inmediato se activaron los protocolos de emergencia, arribando al lugar voluntarios de Bomberos, del Bote Salvavidas y efectivos de la Capitan\u00eda de Puerto.<\/p>\n\n\n\n<p>Gracias a la r\u00e1pida intervenci\u00f3n, la situaci\u00f3n fue controlada antes de que el fuego se propagara, evitando as\u00ed da\u00f1os estructurales o lesiones a las personas que se encontraban en la embarcaci\u00f3n. As\u00ed lo se\u00f1al\u00f3 el capit\u00e1n de Puerto, capit\u00e1n de Corbeta Litoral Sebasti\u00e1n Bravo.<\/p>\n\n\n\n<figure class=\"wp-block-audio\"><audio controls src=\"https:\/\/elconquistadorredloslagos.cl\/test\/wp-content\/uploads\/2025\/10\/CUNA-CAPUERTO-PUERTO-MONTT.mp3\"><\/audio><\/figure>\n\n\n\n<p>La coordinaci\u00f3n entre los equipos de emergencia permiti\u00f3 restablecer la normalidad en el puerto en pocos minutos. La Autoridad Mar\u00edtima inici\u00f3 una investigaci\u00f3n para determinar si se cumplieron las medidas de seguridad durante los trabajos de soldadura a bordo.<\/p>\n\n\n\n<p>\ud83d\udcf7 (Captura de video) <a href=\"https:\/\/www.facebook.com\/emergenciaspuertomonttcl?__cft__[0]=AZUpSmc0-1uLv0JRDYsjO9KB4e6pBzwVDFNADp3sMYaJt_5-0yWYjvbelQhgTzlSWeMjTcVNZEQ4wzRPDG7QI3For76ImofnxoVJX1RcPiQdzGUUatX0cRRVdKG9e1cl-oNLfiUzZXnecoVIm6pS5Wo9dZhpW2w_4U4Q2SUhQXsWeaa0CK5kZ6HIwii7roC36sWRCVBrYXT_JvtXdBKiN5-X&amp;__tn__=-UC%2CP-R\"><strong>Emergencias PuertoMontt &#8211; E.P.M<\/strong><\/a> &#8211; Facebook<\/p>\n","protected":false},"excerpt":{"rendered":"<p>Una emergencia mar\u00edtima moviliz\u00f3 a distintos equipos de rescate en el puerto Empormontt de Puerto Montt, luego de que faenas de soldadura pusieran en riesgo de incendio a la barcaza..<\/p>\n","protected":false},"author":2,"featured_media":14795,"comment_status":"closed","ping_status":"open","sticky":false,"template":"","format":"standard","meta":{"footnotes":""},"categories":[1,28,56],"tags":[],"class_list":["post-14793","post","type-post","status-publish","format-standard","has-post-thumbnail","hentry","category-acontecer","category-actual","category-puerto-montt"],"rttpg_featured_image_url":{"full":["https:\/\/elconquistadorredloslagos.cl\/test\/wp-content\/uploads\/2025\/10\/IMG-21.jpg",1920,1080,false],"landscape":["https:\/\/elconquistadorredloslagos.cl\/test\/wp-content\/uploads\/2025\/10\/IMG-21.jpg",1920,1080,false],"portraits":["https:\/\/elconquistadorredloslagos.cl\/test\/wp-content\/uploads\/2025\/10\/IMG-21.jpg",1920,1080,false],"thumbnail":["https:\/\/elconquistadorredloslagos.cl\/test\/wp-content\/uploads\/2025\/10\/IMG-21-150x150.jpg",150,150,true],"medium":["https:\/\/elconquistadorredloslagos.cl\/test\/wp-content\/uploads\/2025\/10\/IMG-21-300x169.jpg",300,169,true],"large":["https:\/\/elconquistadorredloslagos.cl\/test\/wp-content\/uploads\/2025\/10\/IMG-21-1024x576.jpg",1024,576,true],"1536x1536":["https:\/\/elconquistadorredloslagos.cl\/test\/wp-content\/uploads\/2025\/10\/IMG-21-1536x864.jpg",1536,864,true],"2048x2048":["https:\/\/elconquistadorredloslagos.cl\/test\/wp-content\/uploads\/2025\/10\/IMG-21.jpg",1920,1080,false]},"rttpg_author":{"display_name":"ccardenas","author_link":"https:\/\/elconquistadorredloslagos.cl\/test\/blog\/author\/ccardenas\/"},"rttpg_comment":0,"rttpg_category":"<a href=\"https:\/\/elconquistadorredloslagos.cl\/test\/blog\/category\/actual\/acontecer\/\" rel=\"category tag\">Acontecer<\/a> <a href=\"https:\/\/elconquistadorredloslagos.cl\/test\/blog\/category\/actual\/\" rel=\"category tag\">Actualidad<\/a> <a href=\"https:\/\/elconquistadorredloslagos.cl\/test\/blog\/category\/chile\/puerto-montt\/\" rel=\"category tag\">Puerto Montt<\/a>","rttpg_excerpt":"Una emergencia mar\u00edtima moviliz\u00f3 a distintos equipos de rescate en el puerto Empormontt de Puerto Montt, luego de que faenas de soldadura pusieran en riesgo de incendio a la barcaza..","_links":{"self":[{"href":"https:\/\/elconquistadorredloslagos.cl\/test\/wp-json\/wp\/v2\/posts\/14793","targetHints":{"allow":["GET"]}}],"collection":[{"href":"https:\/\/elconquistadorredloslagos.cl\/test\/wp-json\/wp\/v2\/posts"}],"about":[{"href":"https:\/\/elconquistadorredloslagos.cl\/test\/wp-json\/wp\/v2\/types\/post"}],"author":[{"embeddable":true,"href":"https:\/\/elconquistadorredloslagos.cl\/test\/wp-json\/wp\/v2\/users\/2"}],"replies":[{"embeddable":true,"href":"https:\/\/elconquistadorredloslagos.cl\/test\/wp-json\/wp\/v2\/comments?post=14793"}],"version-history":[{"count":1,"href":"https:\/\/elconquistadorredloslagos.cl\/test\/wp-json\/wp\/v2\/posts\/14793\/revisions"}],"predecessor-version":[{"id":14796,"href":"https:\/\/elconquistadorredloslagos.cl\/test\/wp-json\/wp\/v2\/posts\/14793\/revisions\/14796"}],"wp:featuredmedia":[{"embeddable":true,"href":"https:\/\/elconquistadorredloslagos.cl\/test\/wp-json\/wp\/v2\/media\/14795"}],"wp:attachment":[{"href":"https:\/\/elconquistadorredloslagos.cl\/test\/wp-json\/wp\/v2\/media?parent=14793"}],"wp:term":[{"taxonomy":"category","embeddable":true,"href":"https:\/\/elconquistadorredloslagos.cl\/test\/wp-json\/wp\/v2\/categories?post=14793"},{"taxonomy":"post_tag","embeddable":true,"href":"https:\/\/elconquistadorredloslagos.cl\/test\/wp-json\/wp\/v2\/tags?post=14793"}],"curies":[{"name":"wp","href":"https:\/\/api.w.org\/{rel}","templated":true}]}}