{"id":14790,"date":"2025-10-07T14:35:36","date_gmt":"2025-10-07T17:35:36","guid":{"rendered":"https:\/\/elconquistadorredloslagos.cl\/test\/?p=14790"},"modified":"2025-10-07T14:35:36","modified_gmt":"2025-10-07T17:35:36","slug":"puerto-montt-rinde-homenaje-al-centenario-de-la-sexta-compania-de-bomberos","status":"publish","type":"post","link":"https:\/\/elconquistadorredloslagos.cl\/test\/blog\/2025\/10\/07\/puerto-montt-rinde-homenaje-al-centenario-de-la-sexta-compania-de-bomberos\/","title":{"rendered":"Puerto Montt rinde homenaje al centenario de la Sexta Compa\u00f1\u00eda de Bomberos"},"content":{"rendered":"\n<p>La Sexta Compa\u00f1\u00eda de Bomberos de Puerto Montt celebra cien a\u00f1os de historia, marcados por el eco de las sirenas, la entrega voluntaria y un profundo lazo con el Barrio Puerto, su cuna y su coraz\u00f3n. Fundada el 12 de octubre de 1925 por Luis Ackermann Lochmann, fue la primera unidad en surgir en un barrio de la ciudad, consolidando una identidad que se transmite de generaci\u00f3n en generaci\u00f3n.<\/p>\n\n\n\n<p>El aniversario se vive durante todo octubre con un programa que mezcla tradici\u00f3n y comunidad: competencias bomberiles, ceremonias, homenajes y el lanzamiento de un libro conmemorativo que ver\u00e1 la luz este jueves en el cuartel de calle Chorrillos. La ceremonia central se desarrollar\u00e1 el domingo en Arena Puerto Montt, seguida del tradicional desfile institucional y una cena de gala.<\/p>\n\n\n\n<p>La Sexta ha sido pionera en operaciones mar\u00edtimas y portuarias, especializ\u00e1ndose hoy en materiales peligrosos e hidrocarburos. En 2023 sum\u00f3 la embarcaci\u00f3n \u201cComandante Alberto Sholtbach\u201d y el carro H-6, en homenaje al voluntario insigne F\u00e9lix Mancilla Vera.<\/p>\n\n\n\n<p>Como s\u00edmbolo de memoria, el 30 de agosto se inaugur\u00f3 un memorial en el Cerro Miramar, donde descansan los nombres de sus m\u00e1rtires y voluntarios fallecidos. \u201cNo es solo una fecha, es una historia que late en cada calle del barrio\u201d, expres\u00f3 su director, Carlos Oyarz\u00fan, quien adem\u00e1s llam\u00f3 a la comunidad a participar en la campa\u00f1a \u201cRescatemos nuestra Historia\u201d, compartiendo fotograf\u00edas y recuerdos que mantengan viva la huella sextina.<\/p>\n\n\n\n<p>\ud83d\udcf7 <a href=\"https:\/\/www.facebook.com\/sextapuertomontt?__cft__[0]=AZVsUZkFvUpKsIhEph_dE74i_-7nOBNPgIQPevulL2oxzKYJlV-ascXWVMLTBdX8T-SipXvob3xNrR7mu_sBKwBGJ7KWtHfTl1P-VIrwPwOrciK_XpKpFDrIOIQPk0YlNchp0So27Cbxz58gAQ2eCuzXqEWcLL_zu6J-cMpPNxWUhDsXjj-jzaDBfWxb5hc8XZA&amp;__tn__=-UC%2CP-R\"><strong>Sexta Cia. de Bomberos Puerto Montt<\/strong><\/a> &#8211; Facebook<\/p>\n\n\n\n<p><\/p>\n","protected":false},"excerpt":{"rendered":"<p>La Sexta Compa\u00f1\u00eda de Bomberos de Puerto Montt celebra cien a\u00f1os de historia, marcados por el eco de las sirenas, la entrega voluntaria y un profundo lazo con el Barrio..<\/p>\n","protected":false},"author":2,"featured_media":14791,"comment_status":"closed","ping_status":"open","sticky":false,"template":"","format":"standard","meta":{"footnotes":""},"categories":[1,28,56],"tags":[],"class_list":["post-14790","post","type-post","status-publish","format-standard","has-post-thumbnail","hentry","category-acontecer","category-actual","category-puerto-montt"],"rttpg_featured_image_url":{"full":["https:\/\/elconquistadorredloslagos.cl\/test\/wp-content\/uploads\/2025\/10\/IMG-20.jpg",1920,1080,false],"landscape":["https:\/\/elconquistadorredloslagos.cl\/test\/wp-content\/uploads\/2025\/10\/IMG-20.jpg",1920,1080,false],"portraits":["https:\/\/elconquistadorredloslagos.cl\/test\/wp-content\/uploads\/2025\/10\/IMG-20.jpg",1920,1080,false],"thumbnail":["https:\/\/elconquistadorredloslagos.cl\/test\/wp-content\/uploads\/2025\/10\/IMG-20-150x150.jpg",150,150,true],"medium":["https:\/\/elconquistadorredloslagos.cl\/test\/wp-content\/uploads\/2025\/10\/IMG-20-300x169.jpg",300,169,true],"large":["https:\/\/elconquistadorredloslagos.cl\/test\/wp-content\/uploads\/2025\/10\/IMG-20-1024x576.jpg",1024,576,true],"1536x1536":["https:\/\/elconquistadorredloslagos.cl\/test\/wp-content\/uploads\/2025\/10\/IMG-20-1536x864.jpg",1536,864,true],"2048x2048":["https:\/\/elconquistadorredloslagos.cl\/test\/wp-content\/uploads\/2025\/10\/IMG-20.jpg",1920,1080,false]},"rttpg_author":{"display_name":"ccardenas","author_link":"https:\/\/elconquistadorredloslagos.cl\/test\/blog\/author\/ccardenas\/"},"rttpg_comment":0,"rttpg_category":"<a href=\"https:\/\/elconquistadorredloslagos.cl\/test\/blog\/category\/actual\/acontecer\/\" rel=\"category tag\">Acontecer<\/a> <a href=\"https:\/\/elconquistadorredloslagos.cl\/test\/blog\/category\/actual\/\" rel=\"category tag\">Actualidad<\/a> <a href=\"https:\/\/elconquistadorredloslagos.cl\/test\/blog\/category\/chile\/puerto-montt\/\" rel=\"category tag\">Puerto Montt<\/a>","rttpg_excerpt":"La Sexta Compa\u00f1\u00eda de Bomberos de Puerto Montt celebra cien a\u00f1os de historia, marcados por el eco de las sirenas, la entrega voluntaria y un profundo lazo con el Barrio..","_links":{"self":[{"href":"https:\/\/elconquistadorredloslagos.cl\/test\/wp-json\/wp\/v2\/posts\/14790","targetHints":{"allow":["GET"]}}],"collection":[{"href":"https:\/\/elconquistadorredloslagos.cl\/test\/wp-json\/wp\/v2\/posts"}],"about":[{"href":"https:\/\/elconquistadorredloslagos.cl\/test\/wp-json\/wp\/v2\/types\/post"}],"author":[{"embeddable":true,"href":"https:\/\/elconquistadorredloslagos.cl\/test\/wp-json\/wp\/v2\/users\/2"}],"replies":[{"embeddable":true,"href":"https:\/\/elconquistadorredloslagos.cl\/test\/wp-json\/wp\/v2\/comments?post=14790"}],"version-history":[{"count":1,"href":"https:\/\/elconquistadorredloslagos.cl\/test\/wp-json\/wp\/v2\/posts\/14790\/revisions"}],"predecessor-version":[{"id":14792,"href":"https:\/\/elconquistadorredloslagos.cl\/test\/wp-json\/wp\/v2\/posts\/14790\/revisions\/14792"}],"wp:featuredmedia":[{"embeddable":true,"href":"https:\/\/elconquistadorredloslagos.cl\/test\/wp-json\/wp\/v2\/media\/14791"}],"wp:attachment":[{"href":"https:\/\/elconquistadorredloslagos.cl\/test\/wp-json\/wp\/v2\/media?parent=14790"}],"wp:term":[{"taxonomy":"category","embeddable":true,"href":"https:\/\/elconquistadorredloslagos.cl\/test\/wp-json\/wp\/v2\/categories?post=14790"},{"taxonomy":"post_tag","embeddable":true,"href":"https:\/\/elconquistadorredloslagos.cl\/test\/wp-json\/wp\/v2\/tags?post=14790"}],"curies":[{"name":"wp","href":"https:\/\/api.w.org\/{rel}","templated":true}]}}