{"id":14787,"date":"2025-10-07T14:27:02","date_gmt":"2025-10-07T17:27:02","guid":{"rendered":"https:\/\/elconquistadorredloslagos.cl\/test\/?p=14787"},"modified":"2025-10-07T14:27:04","modified_gmt":"2025-10-07T17:27:04","slug":"reo-de-chiloe-muere-tras-ataque-con-arma-blanca-en-carcel-de-puerto-montt","status":"publish","type":"post","link":"https:\/\/elconquistadorredloslagos.cl\/test\/blog\/2025\/10\/07\/reo-de-chiloe-muere-tras-ataque-con-arma-blanca-en-carcel-de-puerto-montt\/","title":{"rendered":"Reo de Chilo\u00e9 muere tras ataque con arma blanca en c\u00e1rcel de Puerto Montt"},"content":{"rendered":"\n<p>Un interno del Complejo Penitenciario de Alto Bonito en Puerto Montt, falleci\u00f3 ayer tras ser atacado con un arma cortopunzante por otro recluso en el patio del M\u00f3dulo 52, destinado a condenados de alto compromiso delictual. La v\u00edctima, originaria de Chilo\u00e9 y condenada por robo con intimidaci\u00f3n y receptaci\u00f3n fue trasladada de inmediato al recinto de salud del penal, donde no pudieron salvarle la vida.<\/p>\n\n\n\n<p>Gendarmer\u00eda identific\u00f3 al agresor mediante c\u00e1maras de vigilancia y lo aisl\u00f3 de la poblaci\u00f3n penal. El Ministerio P\u00fablico dispuso que la Brigada de Homicidios de la PDI realizara los peritajes, determin\u00e1ndose que la causa del deceso fue un traumatismo tor\u00e1cico con m\u00faltiples heridas cortopenetrantes. Paralelamente, la instituci\u00f3n penitenciaria instruy\u00f3 un sumario administrativo y notific\u00f3 a la familia.<\/p>\n\n\n\n<p>El fiscal subrogante \u00c1lvaro Espinoza confirm\u00f3 que el imputado fue formalizado por homicidio simple ante el Juzgado de Garant\u00eda de Puerto Montt, con un plazo de investigaci\u00f3n de 120 d\u00edas. No se solicitaron medidas cautelares, ya que el agresor cumple condena efectiva de seis a\u00f1os.<\/p>\n\n\n\n<p>\ud83d\udcf7 Referencial<\/p>\n","protected":false},"excerpt":{"rendered":"<p>Un interno del Complejo Penitenciario de Alto Bonito en Puerto Montt, falleci\u00f3 ayer tras ser atacado con un arma cortopunzante por otro recluso en el patio del M\u00f3dulo 52, destinado..<\/p>\n","protected":false},"author":2,"featured_media":14788,"comment_status":"closed","ping_status":"open","sticky":false,"template":"","format":"standard","meta":{"footnotes":""},"categories":[1,28,56],"tags":[],"class_list":["post-14787","post","type-post","status-publish","format-standard","has-post-thumbnail","hentry","category-acontecer","category-actual","category-puerto-montt"],"rttpg_featured_image_url":{"full":["https:\/\/elconquistadorredloslagos.cl\/test\/wp-content\/uploads\/2025\/10\/IMG-19.jpg",1920,1080,false],"landscape":["https:\/\/elconquistadorredloslagos.cl\/test\/wp-content\/uploads\/2025\/10\/IMG-19.jpg",1920,1080,false],"portraits":["https:\/\/elconquistadorredloslagos.cl\/test\/wp-content\/uploads\/2025\/10\/IMG-19.jpg",1920,1080,false],"thumbnail":["https:\/\/elconquistadorredloslagos.cl\/test\/wp-content\/uploads\/2025\/10\/IMG-19-150x150.jpg",150,150,true],"medium":["https:\/\/elconquistadorredloslagos.cl\/test\/wp-content\/uploads\/2025\/10\/IMG-19-300x169.jpg",300,169,true],"large":["https:\/\/elconquistadorredloslagos.cl\/test\/wp-content\/uploads\/2025\/10\/IMG-19-1024x576.jpg",1024,576,true],"1536x1536":["https:\/\/elconquistadorredloslagos.cl\/test\/wp-content\/uploads\/2025\/10\/IMG-19-1536x864.jpg",1536,864,true],"2048x2048":["https:\/\/elconquistadorredloslagos.cl\/test\/wp-content\/uploads\/2025\/10\/IMG-19.jpg",1920,1080,false]},"rttpg_author":{"display_name":"ccardenas","author_link":"https:\/\/elconquistadorredloslagos.cl\/test\/blog\/author\/ccardenas\/"},"rttpg_comment":0,"rttpg_category":"<a href=\"https:\/\/elconquistadorredloslagos.cl\/test\/blog\/category\/actual\/acontecer\/\" rel=\"category tag\">Acontecer<\/a> <a href=\"https:\/\/elconquistadorredloslagos.cl\/test\/blog\/category\/actual\/\" rel=\"category tag\">Actualidad<\/a> <a href=\"https:\/\/elconquistadorredloslagos.cl\/test\/blog\/category\/chile\/puerto-montt\/\" rel=\"category tag\">Puerto Montt<\/a>","rttpg_excerpt":"Un interno del Complejo Penitenciario de Alto Bonito en Puerto Montt, falleci\u00f3 ayer tras ser atacado con un arma cortopunzante por otro recluso en el patio del M\u00f3dulo 52, destinado..","_links":{"self":[{"href":"https:\/\/elconquistadorredloslagos.cl\/test\/wp-json\/wp\/v2\/posts\/14787","targetHints":{"allow":["GET"]}}],"collection":[{"href":"https:\/\/elconquistadorredloslagos.cl\/test\/wp-json\/wp\/v2\/posts"}],"about":[{"href":"https:\/\/elconquistadorredloslagos.cl\/test\/wp-json\/wp\/v2\/types\/post"}],"author":[{"embeddable":true,"href":"https:\/\/elconquistadorredloslagos.cl\/test\/wp-json\/wp\/v2\/users\/2"}],"replies":[{"embeddable":true,"href":"https:\/\/elconquistadorredloslagos.cl\/test\/wp-json\/wp\/v2\/comments?post=14787"}],"version-history":[{"count":1,"href":"https:\/\/elconquistadorredloslagos.cl\/test\/wp-json\/wp\/v2\/posts\/14787\/revisions"}],"predecessor-version":[{"id":14789,"href":"https:\/\/elconquistadorredloslagos.cl\/test\/wp-json\/wp\/v2\/posts\/14787\/revisions\/14789"}],"wp:featuredmedia":[{"embeddable":true,"href":"https:\/\/elconquistadorredloslagos.cl\/test\/wp-json\/wp\/v2\/media\/14788"}],"wp:attachment":[{"href":"https:\/\/elconquistadorredloslagos.cl\/test\/wp-json\/wp\/v2\/media?parent=14787"}],"wp:term":[{"taxonomy":"category","embeddable":true,"href":"https:\/\/elconquistadorredloslagos.cl\/test\/wp-json\/wp\/v2\/categories?post=14787"},{"taxonomy":"post_tag","embeddable":true,"href":"https:\/\/elconquistadorredloslagos.cl\/test\/wp-json\/wp\/v2\/tags?post=14787"}],"curies":[{"name":"wp","href":"https:\/\/api.w.org\/{rel}","templated":true}]}}