{"id":14713,"date":"2025-10-06T08:30:18","date_gmt":"2025-10-06T11:30:18","guid":{"rendered":"https:\/\/elconquistadorredloslagos.cl\/test\/?p=14713"},"modified":"2025-10-06T08:30:18","modified_gmt":"2025-10-06T11:30:18","slug":"mujer-fue-encontrada-con-heridas-cortopunzantes-en-puerto-montt-y-hay-un-detenido","status":"publish","type":"post","link":"https:\/\/elconquistadorredloslagos.cl\/test\/blog\/2025\/10\/06\/mujer-fue-encontrada-con-heridas-cortopunzantes-en-puerto-montt-y-hay-un-detenido\/","title":{"rendered":"Mujer fue encontrada con heridas cortopunzantes en Puerto Montt y hay un detenido"},"content":{"rendered":"\n<p>Una mujer fue encontrada con m\u00faltiples lesiones en la v\u00eda p\u00fablica de la Villa del Sol, en el sector de Lagunitas, Puerto Montt. <\/p>\n\n\n\n<p>El hecho ocurri\u00f3 durante la ma\u00f1ana de este domingo, a un costado de la ruta que conecta la ciudad con el aeropuerto El Tepual.Vecinos alertaron a Carabineros tras ver a la v\u00edctima herida en la calle. <\/p>\n\n\n\n<p>Al lugar lleg\u00f3 personal del Samu, que la traslad\u00f3 de urgencia al Hospital Regional de Puerto Montt para recibir atenci\u00f3n m\u00e9dica debido a las heridas cortopunzantes que presentaba.<\/p>\n\n\n\n<p>De acuerdo con los primeros antecedentes, un hombre fue detenido por su presunta responsabilidad en el ataque. <\/p>\n\n\n\n<p>Por ahora se desconoce la relaci\u00f3n que mantiene con la v\u00edctima y las circunstancias que derivaron en la agresi\u00f3n.<\/p>\n\n\n\n<p>El caso qued\u00f3 a cargo de Carabineros, mientras el Ministerio P\u00fablico instruy\u00f3 las diligencias correspondientes para esclarecer la din\u00e1mica de los hechos y determinar si se trat\u00f3 de un acto de violencia intrafamiliar u otra situaci\u00f3n delictiva.<\/p>\n\n\n\n<p>\ud83d\udcf7 Referencial <\/p>\n","protected":false},"excerpt":{"rendered":"<p>Una mujer fue encontrada con m\u00faltiples lesiones en la v\u00eda p\u00fablica de la Villa del Sol, en el sector de Lagunitas, Puerto Montt. El hecho ocurri\u00f3 durante la ma\u00f1ana de..<\/p>\n","protected":false},"author":2,"featured_media":14714,"comment_status":"closed","ping_status":"open","sticky":false,"template":"","format":"standard","meta":{"footnotes":""},"categories":[1,28,56],"tags":[],"class_list":["post-14713","post","type-post","status-publish","format-standard","has-post-thumbnail","hentry","category-acontecer","category-actual","category-puerto-montt"],"rttpg_featured_image_url":{"full":["https:\/\/elconquistadorredloslagos.cl\/test\/wp-content\/uploads\/2025\/10\/uesta_20251005_235337_0000.jpg",1920,1080,false],"landscape":["https:\/\/elconquistadorredloslagos.cl\/test\/wp-content\/uploads\/2025\/10\/uesta_20251005_235337_0000.jpg",1920,1080,false],"portraits":["https:\/\/elconquistadorredloslagos.cl\/test\/wp-content\/uploads\/2025\/10\/uesta_20251005_235337_0000.jpg",1920,1080,false],"thumbnail":["https:\/\/elconquistadorredloslagos.cl\/test\/wp-content\/uploads\/2025\/10\/uesta_20251005_235337_0000-150x150.jpg",150,150,true],"medium":["https:\/\/elconquistadorredloslagos.cl\/test\/wp-content\/uploads\/2025\/10\/uesta_20251005_235337_0000-300x169.jpg",300,169,true],"large":["https:\/\/elconquistadorredloslagos.cl\/test\/wp-content\/uploads\/2025\/10\/uesta_20251005_235337_0000-1024x576.jpg",1024,576,true],"1536x1536":["https:\/\/elconquistadorredloslagos.cl\/test\/wp-content\/uploads\/2025\/10\/uesta_20251005_235337_0000-1536x864.jpg",1536,864,true],"2048x2048":["https:\/\/elconquistadorredloslagos.cl\/test\/wp-content\/uploads\/2025\/10\/uesta_20251005_235337_0000.jpg",1920,1080,false]},"rttpg_author":{"display_name":"ccardenas","author_link":"https:\/\/elconquistadorredloslagos.cl\/test\/blog\/author\/ccardenas\/"},"rttpg_comment":0,"rttpg_category":"<a href=\"https:\/\/elconquistadorredloslagos.cl\/test\/blog\/category\/actual\/acontecer\/\" rel=\"category tag\">Acontecer<\/a> <a href=\"https:\/\/elconquistadorredloslagos.cl\/test\/blog\/category\/actual\/\" rel=\"category tag\">Actualidad<\/a> <a href=\"https:\/\/elconquistadorredloslagos.cl\/test\/blog\/category\/chile\/puerto-montt\/\" rel=\"category tag\">Puerto Montt<\/a>","rttpg_excerpt":"Una mujer fue encontrada con m\u00faltiples lesiones en la v\u00eda p\u00fablica de la Villa del Sol, en el sector de Lagunitas, Puerto Montt. El hecho ocurri\u00f3 durante la ma\u00f1ana de..","_links":{"self":[{"href":"https:\/\/elconquistadorredloslagos.cl\/test\/wp-json\/wp\/v2\/posts\/14713","targetHints":{"allow":["GET"]}}],"collection":[{"href":"https:\/\/elconquistadorredloslagos.cl\/test\/wp-json\/wp\/v2\/posts"}],"about":[{"href":"https:\/\/elconquistadorredloslagos.cl\/test\/wp-json\/wp\/v2\/types\/post"}],"author":[{"embeddable":true,"href":"https:\/\/elconquistadorredloslagos.cl\/test\/wp-json\/wp\/v2\/users\/2"}],"replies":[{"embeddable":true,"href":"https:\/\/elconquistadorredloslagos.cl\/test\/wp-json\/wp\/v2\/comments?post=14713"}],"version-history":[{"count":1,"href":"https:\/\/elconquistadorredloslagos.cl\/test\/wp-json\/wp\/v2\/posts\/14713\/revisions"}],"predecessor-version":[{"id":14715,"href":"https:\/\/elconquistadorredloslagos.cl\/test\/wp-json\/wp\/v2\/posts\/14713\/revisions\/14715"}],"wp:featuredmedia":[{"embeddable":true,"href":"https:\/\/elconquistadorredloslagos.cl\/test\/wp-json\/wp\/v2\/media\/14714"}],"wp:attachment":[{"href":"https:\/\/elconquistadorredloslagos.cl\/test\/wp-json\/wp\/v2\/media?parent=14713"}],"wp:term":[{"taxonomy":"category","embeddable":true,"href":"https:\/\/elconquistadorredloslagos.cl\/test\/wp-json\/wp\/v2\/categories?post=14713"},{"taxonomy":"post_tag","embeddable":true,"href":"https:\/\/elconquistadorredloslagos.cl\/test\/wp-json\/wp\/v2\/tags?post=14713"}],"curies":[{"name":"wp","href":"https:\/\/api.w.org\/{rel}","templated":true}]}}