{"id":14648,"date":"2025-10-02T18:58:54","date_gmt":"2025-10-02T21:58:54","guid":{"rendered":"https:\/\/elconquistadorredloslagos.cl\/test\/?p=14648"},"modified":"2025-10-02T18:58:55","modified_gmt":"2025-10-02T21:58:55","slug":"director-del-hospital-de-puerto-montt-llama-a-la-calma-y-asegura-continuidad-de-las-atenciones","status":"publish","type":"post","link":"https:\/\/elconquistadorredloslagos.cl\/test\/blog\/2025\/10\/02\/director-del-hospital-de-puerto-montt-llama-a-la-calma-y-asegura-continuidad-de-las-atenciones\/","title":{"rendered":"Director del Hospital de Puerto Montt llama a la calma y asegura continuidad de las atenciones"},"content":{"rendered":"\n<p>El director del Hospital de Puerto Montt, <strong>Dr. Jorge Andrade Nitor<\/strong>, respondi\u00f3 a las inquietudes surgidas en torno a eventuales problemas de abastecimiento y funcionamiento del recinto, enfatizando que el hospital <strong>mantiene su capacidad operativa y contin\u00faa entregando atenciones de manera normal<\/strong>.<\/p>\n\n\n\n<p>En su declaraci\u00f3n, Andrade precis\u00f3 que el establecimiento <strong>dispone de insumos suficientes<\/strong> y que se est\u00e1n llevando adelante gestiones constantes para reforzar el stock y evitar cualquier eventualidad que afecte a los pacientes.<\/p>\n\n\n\n<p>Sobre las cirug\u00edas, la autoridad hospitalaria aclar\u00f3 que <strong>no existe una suspensi\u00f3n masiva de operaciones<\/strong>, aunque reconoci\u00f3 que algunos procedimientos han debido reagendarse por motivos cl\u00ednicos o t\u00e9cnicos, lo que \u2014dijo\u2014 corresponde a la din\u00e1mica habitual en un hospital de alta complejidad.<\/p>\n\n\n\n<p>Consultado por la situaci\u00f3n de los funcionarios a honorarios, Andrade valor\u00f3 su rol esencial y asegur\u00f3 que, en coordinaci\u00f3n con el Servicio de Salud Reloncav\u00ed, <strong>se est\u00e1n buscando f\u00f3rmulas para dar estabilidad laboral<\/strong>, siempre en concordancia con la normativa vigente.<\/p>\n\n\n\n<p>El director subray\u00f3 que la misi\u00f3n del recinto es garantizar una atenci\u00f3n segura, oportuna y de calidad, reiterando el llamado a la tranquilidad: <strong>\u201cEl hospital sigue funcionando plenamente y nuestro equipo contin\u00faa trabajando con la mayor dedicaci\u00f3n hacia la comunidad\u201d<\/strong>, recalc\u00f3.<\/p>\n","protected":false},"excerpt":{"rendered":"<p>El director del Hospital de Puerto Montt, Dr. Jorge Andrade Nitor, respondi\u00f3 a las inquietudes surgidas en torno a eventuales problemas de abastecimiento y funcionamiento del recinto, enfatizando que el..<\/p>\n","protected":false},"author":7,"featured_media":14649,"comment_status":"closed","ping_status":"open","sticky":false,"template":"","format":"standard","meta":{"footnotes":""},"categories":[1,28,56],"tags":[],"class_list":["post-14648","post","type-post","status-publish","format-standard","has-post-thumbnail","hentry","category-acontecer","category-actual","category-puerto-montt"],"rttpg_featured_image_url":{"full":["https:\/\/elconquistadorredloslagos.cl\/test\/wp-content\/uploads\/2025\/10\/HOSPITAL-PUERTO-MONTT-CONQUIS.png",1920,1080,false],"landscape":["https:\/\/elconquistadorredloslagos.cl\/test\/wp-content\/uploads\/2025\/10\/HOSPITAL-PUERTO-MONTT-CONQUIS.png",1920,1080,false],"portraits":["https:\/\/elconquistadorredloslagos.cl\/test\/wp-content\/uploads\/2025\/10\/HOSPITAL-PUERTO-MONTT-CONQUIS.png",1920,1080,false],"thumbnail":["https:\/\/elconquistadorredloslagos.cl\/test\/wp-content\/uploads\/2025\/10\/HOSPITAL-PUERTO-MONTT-CONQUIS-150x150.png",150,150,true],"medium":["https:\/\/elconquistadorredloslagos.cl\/test\/wp-content\/uploads\/2025\/10\/HOSPITAL-PUERTO-MONTT-CONQUIS-300x169.png",300,169,true],"large":["https:\/\/elconquistadorredloslagos.cl\/test\/wp-content\/uploads\/2025\/10\/HOSPITAL-PUERTO-MONTT-CONQUIS-1024x576.png",1024,576,true],"1536x1536":["https:\/\/elconquistadorredloslagos.cl\/test\/wp-content\/uploads\/2025\/10\/HOSPITAL-PUERTO-MONTT-CONQUIS-1536x864.png",1536,864,true],"2048x2048":["https:\/\/elconquistadorredloslagos.cl\/test\/wp-content\/uploads\/2025\/10\/HOSPITAL-PUERTO-MONTT-CONQUIS.png",1920,1080,false]},"rttpg_author":{"display_name":"enzodelahoz1988","author_link":"https:\/\/elconquistadorredloslagos.cl\/test\/blog\/author\/enzodelahoz1988\/"},"rttpg_comment":0,"rttpg_category":"<a href=\"https:\/\/elconquistadorredloslagos.cl\/test\/blog\/category\/actual\/acontecer\/\" rel=\"category tag\">Acontecer<\/a> <a href=\"https:\/\/elconquistadorredloslagos.cl\/test\/blog\/category\/actual\/\" rel=\"category tag\">Actualidad<\/a> <a href=\"https:\/\/elconquistadorredloslagos.cl\/test\/blog\/category\/chile\/puerto-montt\/\" rel=\"category tag\">Puerto Montt<\/a>","rttpg_excerpt":"El director del Hospital de Puerto Montt, Dr. Jorge Andrade Nitor, respondi\u00f3 a las inquietudes surgidas en torno a eventuales problemas de abastecimiento y funcionamiento del recinto, enfatizando que el..","_links":{"self":[{"href":"https:\/\/elconquistadorredloslagos.cl\/test\/wp-json\/wp\/v2\/posts\/14648","targetHints":{"allow":["GET"]}}],"collection":[{"href":"https:\/\/elconquistadorredloslagos.cl\/test\/wp-json\/wp\/v2\/posts"}],"about":[{"href":"https:\/\/elconquistadorredloslagos.cl\/test\/wp-json\/wp\/v2\/types\/post"}],"author":[{"embeddable":true,"href":"https:\/\/elconquistadorredloslagos.cl\/test\/wp-json\/wp\/v2\/users\/7"}],"replies":[{"embeddable":true,"href":"https:\/\/elconquistadorredloslagos.cl\/test\/wp-json\/wp\/v2\/comments?post=14648"}],"version-history":[{"count":1,"href":"https:\/\/elconquistadorredloslagos.cl\/test\/wp-json\/wp\/v2\/posts\/14648\/revisions"}],"predecessor-version":[{"id":14650,"href":"https:\/\/elconquistadorredloslagos.cl\/test\/wp-json\/wp\/v2\/posts\/14648\/revisions\/14650"}],"wp:featuredmedia":[{"embeddable":true,"href":"https:\/\/elconquistadorredloslagos.cl\/test\/wp-json\/wp\/v2\/media\/14649"}],"wp:attachment":[{"href":"https:\/\/elconquistadorredloslagos.cl\/test\/wp-json\/wp\/v2\/media?parent=14648"}],"wp:term":[{"taxonomy":"category","embeddable":true,"href":"https:\/\/elconquistadorredloslagos.cl\/test\/wp-json\/wp\/v2\/categories?post=14648"},{"taxonomy":"post_tag","embeddable":true,"href":"https:\/\/elconquistadorredloslagos.cl\/test\/wp-json\/wp\/v2\/tags?post=14648"}],"curies":[{"name":"wp","href":"https:\/\/api.w.org\/{rel}","templated":true}]}}