{"id":14645,"date":"2025-10-02T18:43:22","date_gmt":"2025-10-02T21:43:22","guid":{"rendered":"https:\/\/elconquistadorredloslagos.cl\/test\/?p=14645"},"modified":"2025-10-02T18:43:22","modified_gmt":"2025-10-02T21:43:22","slug":"justicia-argentina-ordena-a-comunidad-mapuche-devolver-tierras-ocupadas-a-manu-ginobili","status":"publish","type":"post","link":"https:\/\/elconquistadorredloslagos.cl\/test\/blog\/2025\/10\/02\/justicia-argentina-ordena-a-comunidad-mapuche-devolver-tierras-ocupadas-a-manu-ginobili\/","title":{"rendered":"Justicia argentina ordena a comunidad mapuche devolver tierras ocupadas a Manu Gin\u00f3bili"},"content":{"rendered":"\n<p>La justicia de Villa La Angostura resolvi\u00f3 que la comunidad mapuche Paichil Antriao deber\u00e1 desalojar un predio de 13 hect\u00e1reas ocupado desde 2018 y restituirlo al exbasquetbolista Emanuel \u201cManu\u201d Gin\u00f3bili. La decisi\u00f3n judicial, dictada por el juez Francisco Astul Bonorino, dio la raz\u00f3n al exjugador de San Antonio Spurs en una causa por reivindicaci\u00f3n de dominio, otorgando un plazo de 30 d\u00edas para concretar el desalojo.<\/p>\n\n\n\n<p>El cuatro veces campe\u00f3n de la NBA y medallista de Oro en los Juegos Ol\u00edmpicos de Atenas 2004 con la Selecci\u00f3n Argentina, hab\u00eda adquirido el terreno en 2004 ubicado en las inmediaciones del Lago Correntoso, en una ladera del cerro Belvedere, con el prop\u00f3sito de subdividirlo en 24 parcelas para un proyecto inmobiliario. Sin embargo, a\u00f1os despu\u00e9s, integrantes de la comunidad mapuche se instalaron en el lugar, alegando un derecho ancestral sobre esas tierras y frenando cualquier avance.<\/p>\n\n\n\n<p>El exdeportista denunci\u00f3 a varios integrantes de Paichil Antriao por usurpaci\u00f3n y amenazas, aunque esa acusaci\u00f3n fue desestimada. Pese a ello, la justicia ahora reconoci\u00f3 su propiedad sobre el lote.<\/p>\n\n\n\n<p>La comunidad, en tanto, mantiene conflictos abiertos con privados y con el municipio local, y ha liderado protestas como la paralizaci\u00f3n de la construcci\u00f3n de la ruta de Circunvalaci\u00f3n. Sus dirigentes sostienen que Gin\u00f3bili nunca fue propietario leg\u00edtimo y que, amparados en tratados internacionales y la Constituci\u00f3n de Neuqu\u00e9n, son ellos quienes tienen derecho sobre el predio.<\/p>\n","protected":false},"excerpt":{"rendered":"<p>La justicia de Villa La Angostura resolvi\u00f3 que la comunidad mapuche Paichil Antriao deber\u00e1 desalojar un predio de 13 hect\u00e1reas ocupado desde 2018 y restituirlo al exbasquetbolista Emanuel \u201cManu\u201d Gin\u00f3bili&#8230;<\/p>\n","protected":false},"author":2,"featured_media":14646,"comment_status":"closed","ping_status":"open","sticky":false,"template":"","format":"standard","meta":{"footnotes":""},"categories":[1,28,53],"tags":[],"class_list":["post-14645","post","type-post","status-publish","format-standard","has-post-thumbnail","hentry","category-acontecer","category-actual","category-mundo"],"rttpg_featured_image_url":{"full":["https:\/\/elconquistadorredloslagos.cl\/test\/wp-content\/uploads\/2025\/10\/img30-4.jpg",1920,1080,false],"landscape":["https:\/\/elconquistadorredloslagos.cl\/test\/wp-content\/uploads\/2025\/10\/img30-4.jpg",1920,1080,false],"portraits":["https:\/\/elconquistadorredloslagos.cl\/test\/wp-content\/uploads\/2025\/10\/img30-4.jpg",1920,1080,false],"thumbnail":["https:\/\/elconquistadorredloslagos.cl\/test\/wp-content\/uploads\/2025\/10\/img30-4-150x150.jpg",150,150,true],"medium":["https:\/\/elconquistadorredloslagos.cl\/test\/wp-content\/uploads\/2025\/10\/img30-4-300x169.jpg",300,169,true],"large":["https:\/\/elconquistadorredloslagos.cl\/test\/wp-content\/uploads\/2025\/10\/img30-4-1024x576.jpg",1024,576,true],"1536x1536":["https:\/\/elconquistadorredloslagos.cl\/test\/wp-content\/uploads\/2025\/10\/img30-4-1536x864.jpg",1536,864,true],"2048x2048":["https:\/\/elconquistadorredloslagos.cl\/test\/wp-content\/uploads\/2025\/10\/img30-4.jpg",1920,1080,false]},"rttpg_author":{"display_name":"ccardenas","author_link":"https:\/\/elconquistadorredloslagos.cl\/test\/blog\/author\/ccardenas\/"},"rttpg_comment":0,"rttpg_category":"<a href=\"https:\/\/elconquistadorredloslagos.cl\/test\/blog\/category\/actual\/acontecer\/\" rel=\"category tag\">Acontecer<\/a> <a href=\"https:\/\/elconquistadorredloslagos.cl\/test\/blog\/category\/actual\/\" rel=\"category tag\">Actualidad<\/a> <a href=\"https:\/\/elconquistadorredloslagos.cl\/test\/blog\/category\/mundo\/\" rel=\"category tag\">Internacional<\/a>","rttpg_excerpt":"La justicia de Villa La Angostura resolvi\u00f3 que la comunidad mapuche Paichil Antriao deber\u00e1 desalojar un predio de 13 hect\u00e1reas ocupado desde 2018 y restituirlo al exbasquetbolista Emanuel \u201cManu\u201d Gin\u00f3bili...","_links":{"self":[{"href":"https:\/\/elconquistadorredloslagos.cl\/test\/wp-json\/wp\/v2\/posts\/14645","targetHints":{"allow":["GET"]}}],"collection":[{"href":"https:\/\/elconquistadorredloslagos.cl\/test\/wp-json\/wp\/v2\/posts"}],"about":[{"href":"https:\/\/elconquistadorredloslagos.cl\/test\/wp-json\/wp\/v2\/types\/post"}],"author":[{"embeddable":true,"href":"https:\/\/elconquistadorredloslagos.cl\/test\/wp-json\/wp\/v2\/users\/2"}],"replies":[{"embeddable":true,"href":"https:\/\/elconquistadorredloslagos.cl\/test\/wp-json\/wp\/v2\/comments?post=14645"}],"version-history":[{"count":1,"href":"https:\/\/elconquistadorredloslagos.cl\/test\/wp-json\/wp\/v2\/posts\/14645\/revisions"}],"predecessor-version":[{"id":14647,"href":"https:\/\/elconquistadorredloslagos.cl\/test\/wp-json\/wp\/v2\/posts\/14645\/revisions\/14647"}],"wp:featuredmedia":[{"embeddable":true,"href":"https:\/\/elconquistadorredloslagos.cl\/test\/wp-json\/wp\/v2\/media\/14646"}],"wp:attachment":[{"href":"https:\/\/elconquistadorredloslagos.cl\/test\/wp-json\/wp\/v2\/media?parent=14645"}],"wp:term":[{"taxonomy":"category","embeddable":true,"href":"https:\/\/elconquistadorredloslagos.cl\/test\/wp-json\/wp\/v2\/categories?post=14645"},{"taxonomy":"post_tag","embeddable":true,"href":"https:\/\/elconquistadorredloslagos.cl\/test\/wp-json\/wp\/v2\/tags?post=14645"}],"curies":[{"name":"wp","href":"https:\/\/api.w.org\/{rel}","templated":true}]}}