{"id":14641,"date":"2025-10-02T18:35:58","date_gmt":"2025-10-02T21:35:58","guid":{"rendered":"https:\/\/elconquistadorredloslagos.cl\/test\/?p=14641"},"modified":"2025-10-02T18:35:59","modified_gmt":"2025-10-02T21:35:59","slug":"vecinos-de-quemchi-esperan-contar-con-laboratorio-y-unidad-de-imagenologia-en-su-cesfam","status":"publish","type":"post","link":"https:\/\/elconquistadorredloslagos.cl\/test\/blog\/2025\/10\/02\/vecinos-de-quemchi-esperan-contar-con-laboratorio-y-unidad-de-imagenologia-en-su-cesfam\/","title":{"rendered":"Vecinos de Quemchi esperan contar con laboratorio y unidad de imagenolog\u00eda en su CESFAM"},"content":{"rendered":"\n<p>Los vecinos y vecinas de Quemchi podr\u00edan acceder en el futuro a un laboratorio cl\u00ednico y a una unidad de imagenolog\u00eda en su propio Centro de Salud Familiar (CESFAM), una necesidad largamente planteada por la comunidad que busca mejorar el acceso a ex\u00e1menes y diagn\u00f3sticos sin tener que trasladarse a otras comunas.<\/p>\n\n\n\n<p>Hoy, los usuarios deben recurrir al Hospital San Carlos de Ancud para realizarse an\u00e1lisis, gracias a un convenio entre dicho recinto y la Municipalidad de Quemchi. Esta soluci\u00f3n, sin embargo, depende de recursos externos y no siempre responde a la urgencia de quienes requieren atenci\u00f3n m\u00e1s r\u00e1pida y cercana.<\/p>\n\n\n\n<p>La idea de habilitar estos servicios en la comuna fue valorada por autoridades locales, ya que permitir\u00eda a los equipos m\u00e9dicos entregar diagn\u00f3sticos y tratamientos en menor tiempo, favoreciendo directamente la calidad de vida de la poblaci\u00f3n. Detalles de la iniciativa que fueron entregados por la directora del Servicio de Salud Chilo\u00e9, Marcela C\u00e1rcamo.<\/p>\n\n\n\n<figure class=\"wp-block-audio\"><audio controls src=\"https:\/\/elconquistadorredloslagos.cl\/test\/wp-content\/uploads\/2025\/10\/CUNA-SSCHILOE-QUEMCHI.mp3\"><\/audio><\/figure>\n\n\n\n<p>El proyecto ser\u00e1 formulado con base en estudios previos y deber\u00e1 ser evaluado para su financiamiento, ya sea mediante fondos regionales o sectoriales. Para los habitantes de Quemchi, contar con un laboratorio y apoyo en im\u00e1genes dentro del CESFAM representa un paso clave hacia una atenci\u00f3n m\u00e1s resolutiva y digna en su propia comuna.<\/p>\n","protected":false},"excerpt":{"rendered":"<p>Los vecinos y vecinas de Quemchi podr\u00edan acceder en el futuro a un laboratorio cl\u00ednico y a una unidad de imagenolog\u00eda en su propio Centro de Salud Familiar (CESFAM), una..<\/p>\n","protected":false},"author":2,"featured_media":14643,"comment_status":"closed","ping_status":"open","sticky":false,"template":"","format":"standard","meta":{"footnotes":""},"categories":[1,28,51],"tags":[],"class_list":["post-14641","post","type-post","status-publish","format-standard","has-post-thumbnail","hentry","category-acontecer","category-actual","category-chiloe"],"rttpg_featured_image_url":{"full":["https:\/\/elconquistadorredloslagos.cl\/test\/wp-content\/uploads\/2025\/10\/img30-3.jpg",1920,1080,false],"landscape":["https:\/\/elconquistadorredloslagos.cl\/test\/wp-content\/uploads\/2025\/10\/img30-3.jpg",1920,1080,false],"portraits":["https:\/\/elconquistadorredloslagos.cl\/test\/wp-content\/uploads\/2025\/10\/img30-3.jpg",1920,1080,false],"thumbnail":["https:\/\/elconquistadorredloslagos.cl\/test\/wp-content\/uploads\/2025\/10\/img30-3-150x150.jpg",150,150,true],"medium":["https:\/\/elconquistadorredloslagos.cl\/test\/wp-content\/uploads\/2025\/10\/img30-3-300x169.jpg",300,169,true],"large":["https:\/\/elconquistadorredloslagos.cl\/test\/wp-content\/uploads\/2025\/10\/img30-3-1024x576.jpg",1024,576,true],"1536x1536":["https:\/\/elconquistadorredloslagos.cl\/test\/wp-content\/uploads\/2025\/10\/img30-3-1536x864.jpg",1536,864,true],"2048x2048":["https:\/\/elconquistadorredloslagos.cl\/test\/wp-content\/uploads\/2025\/10\/img30-3.jpg",1920,1080,false]},"rttpg_author":{"display_name":"ccardenas","author_link":"https:\/\/elconquistadorredloslagos.cl\/test\/blog\/author\/ccardenas\/"},"rttpg_comment":0,"rttpg_category":"<a href=\"https:\/\/elconquistadorredloslagos.cl\/test\/blog\/category\/actual\/acontecer\/\" rel=\"category tag\">Acontecer<\/a> <a href=\"https:\/\/elconquistadorredloslagos.cl\/test\/blog\/category\/actual\/\" rel=\"category tag\">Actualidad<\/a> <a href=\"https:\/\/elconquistadorredloslagos.cl\/test\/blog\/category\/chile\/chiloe\/\" rel=\"category tag\">Chilo\u00e9<\/a>","rttpg_excerpt":"Los vecinos y vecinas de Quemchi podr\u00edan acceder en el futuro a un laboratorio cl\u00ednico y a una unidad de imagenolog\u00eda en su propio Centro de Salud Familiar (CESFAM), una..","_links":{"self":[{"href":"https:\/\/elconquistadorredloslagos.cl\/test\/wp-json\/wp\/v2\/posts\/14641","targetHints":{"allow":["GET"]}}],"collection":[{"href":"https:\/\/elconquistadorredloslagos.cl\/test\/wp-json\/wp\/v2\/posts"}],"about":[{"href":"https:\/\/elconquistadorredloslagos.cl\/test\/wp-json\/wp\/v2\/types\/post"}],"author":[{"embeddable":true,"href":"https:\/\/elconquistadorredloslagos.cl\/test\/wp-json\/wp\/v2\/users\/2"}],"replies":[{"embeddable":true,"href":"https:\/\/elconquistadorredloslagos.cl\/test\/wp-json\/wp\/v2\/comments?post=14641"}],"version-history":[{"count":1,"href":"https:\/\/elconquistadorredloslagos.cl\/test\/wp-json\/wp\/v2\/posts\/14641\/revisions"}],"predecessor-version":[{"id":14644,"href":"https:\/\/elconquistadorredloslagos.cl\/test\/wp-json\/wp\/v2\/posts\/14641\/revisions\/14644"}],"wp:featuredmedia":[{"embeddable":true,"href":"https:\/\/elconquistadorredloslagos.cl\/test\/wp-json\/wp\/v2\/media\/14643"}],"wp:attachment":[{"href":"https:\/\/elconquistadorredloslagos.cl\/test\/wp-json\/wp\/v2\/media?parent=14641"}],"wp:term":[{"taxonomy":"category","embeddable":true,"href":"https:\/\/elconquistadorredloslagos.cl\/test\/wp-json\/wp\/v2\/categories?post=14641"},{"taxonomy":"post_tag","embeddable":true,"href":"https:\/\/elconquistadorredloslagos.cl\/test\/wp-json\/wp\/v2\/tags?post=14641"}],"curies":[{"name":"wp","href":"https:\/\/api.w.org\/{rel}","templated":true}]}}