{"id":14638,"date":"2025-10-02T18:32:49","date_gmt":"2025-10-02T21:32:49","guid":{"rendered":"https:\/\/elconquistadorredloslagos.cl\/test\/?p=14638"},"modified":"2025-10-02T18:32:50","modified_gmt":"2025-10-02T21:32:50","slug":"coloma-defiende-la-glosa-republicana-y-acusa-al-gobierno-de-poner-en-riesgo-la-tradicion-democratica-del-presupuesto","status":"publish","type":"post","link":"https:\/\/elconquistadorredloslagos.cl\/test\/blog\/2025\/10\/02\/coloma-defiende-la-glosa-republicana-y-acusa-al-gobierno-de-poner-en-riesgo-la-tradicion-democratica-del-presupuesto\/","title":{"rendered":"Coloma defiende la \u201cglosa republicana\u201d y acusa al Gobierno de poner en riesgo la tradici\u00f3n democr\u00e1tica del presupuesto"},"content":{"rendered":"\n<p>El senador Juan Antonio Coloma (UDI) critic\u00f3 duramente al Gobierno por excluir del proyecto de Presupuesto 2026 la tradicional \u201cglosa de libre disposici\u00f3n\u201d, conocida como \u201cglosa republicana\u201d. El parlamentario, integrante de la Comisi\u00f3n Especial Mixta de Presupuestos, sostuvo en entrevista con Cooperativa que esta disposici\u00f3n no puede transformarse en una moneda de negociaci\u00f3n.<\/p>\n\n\n\n<p>\u201cEsto no es un mercado persa. Las cl\u00e1usulas democr\u00e1ticas se respetan\u201d, enfatiz\u00f3 Coloma, recordando que todos los gobiernos anteriores, sin distinci\u00f3n pol\u00edtica, han dejado recursos inmediatos a la administraci\u00f3n entrante para que inicie su gesti\u00f3n. \u201cLo hizo Pi\u00f1era, Bachelet, Lagos, Frei y Aylwin. \u00bfPor qu\u00e9 este Gobierno no?\u201d, cuestion\u00f3.<\/p>\n\n\n\n<p>El legislador a\u00f1adi\u00f3 que corresponde al Ejecutivo generar los espacios presupuestarios y no traspasar esa carga a la futura administraci\u00f3n. \u201cNo podemos decir que por un mal manejo econ\u00f3mico el que pague el pato sea el Gobierno que viene\u201d, afirm\u00f3.<\/p>\n\n\n\n<p>Coloma tambi\u00e9n rechaz\u00f3 la idea de que la pr\u00f3xima administraci\u00f3n deba recurrir a reasignaciones legislativas. A su juicio, proyectos como la compra de 150 mil c\u00e1maras de seguridad o el plan \u201cpie cero\u201d en vivienda requieren recursos l\u00edquidos desde el primer d\u00eda.<\/p>\n\n\n\n<p>En paralelo, calific\u00f3 como \u201cimpresentable\u201d que el Presidente Gabriel Boric usara la cadena nacional para cuestionar al candidato republicano Jos\u00e9 Antonio Kast, acusando que esa intervenci\u00f3n \u201cpolariza y divide al pa\u00eds\u201d en vez de propiciar un debate responsable sobre las cuentas p\u00fablicas.<\/p>\n","protected":false},"excerpt":{"rendered":"<p>El senador Juan Antonio Coloma (UDI) critic\u00f3 duramente al Gobierno por excluir del proyecto de Presupuesto 2026 la tradicional \u201cglosa de libre disposici\u00f3n\u201d, conocida como \u201cglosa republicana\u201d. El parlamentario, integrante..<\/p>\n","protected":false},"author":2,"featured_media":14639,"comment_status":"closed","ping_status":"open","sticky":false,"template":"","format":"standard","meta":{"footnotes":""},"categories":[1,28,52,38],"tags":[],"class_list":["post-14638","post","type-post","status-publish","format-standard","has-post-thumbnail","hentry","category-acontecer","category-actual","category-chile","category-politica"],"rttpg_featured_image_url":{"full":["https:\/\/elconquistadorredloslagos.cl\/test\/wp-content\/uploads\/2025\/10\/img30-2.jpg",1920,1080,false],"landscape":["https:\/\/elconquistadorredloslagos.cl\/test\/wp-content\/uploads\/2025\/10\/img30-2.jpg",1920,1080,false],"portraits":["https:\/\/elconquistadorredloslagos.cl\/test\/wp-content\/uploads\/2025\/10\/img30-2.jpg",1920,1080,false],"thumbnail":["https:\/\/elconquistadorredloslagos.cl\/test\/wp-content\/uploads\/2025\/10\/img30-2-150x150.jpg",150,150,true],"medium":["https:\/\/elconquistadorredloslagos.cl\/test\/wp-content\/uploads\/2025\/10\/img30-2-300x169.jpg",300,169,true],"large":["https:\/\/elconquistadorredloslagos.cl\/test\/wp-content\/uploads\/2025\/10\/img30-2-1024x576.jpg",1024,576,true],"1536x1536":["https:\/\/elconquistadorredloslagos.cl\/test\/wp-content\/uploads\/2025\/10\/img30-2-1536x864.jpg",1536,864,true],"2048x2048":["https:\/\/elconquistadorredloslagos.cl\/test\/wp-content\/uploads\/2025\/10\/img30-2.jpg",1920,1080,false]},"rttpg_author":{"display_name":"ccardenas","author_link":"https:\/\/elconquistadorredloslagos.cl\/test\/blog\/author\/ccardenas\/"},"rttpg_comment":0,"rttpg_category":"<a href=\"https:\/\/elconquistadorredloslagos.cl\/test\/blog\/category\/actual\/acontecer\/\" rel=\"category tag\">Acontecer<\/a> <a href=\"https:\/\/elconquistadorredloslagos.cl\/test\/blog\/category\/actual\/\" rel=\"category tag\">Actualidad<\/a> <a href=\"https:\/\/elconquistadorredloslagos.cl\/test\/blog\/category\/chile\/\" rel=\"category tag\">Nacional<\/a> <a href=\"https:\/\/elconquistadorredloslagos.cl\/test\/blog\/category\/actual\/politica\/\" rel=\"category tag\">Politica<\/a>","rttpg_excerpt":"El senador Juan Antonio Coloma (UDI) critic\u00f3 duramente al Gobierno por excluir del proyecto de Presupuesto 2026 la tradicional \u201cglosa de libre disposici\u00f3n\u201d, conocida como \u201cglosa republicana\u201d. El parlamentario, integrante..","_links":{"self":[{"href":"https:\/\/elconquistadorredloslagos.cl\/test\/wp-json\/wp\/v2\/posts\/14638","targetHints":{"allow":["GET"]}}],"collection":[{"href":"https:\/\/elconquistadorredloslagos.cl\/test\/wp-json\/wp\/v2\/posts"}],"about":[{"href":"https:\/\/elconquistadorredloslagos.cl\/test\/wp-json\/wp\/v2\/types\/post"}],"author":[{"embeddable":true,"href":"https:\/\/elconquistadorredloslagos.cl\/test\/wp-json\/wp\/v2\/users\/2"}],"replies":[{"embeddable":true,"href":"https:\/\/elconquistadorredloslagos.cl\/test\/wp-json\/wp\/v2\/comments?post=14638"}],"version-history":[{"count":1,"href":"https:\/\/elconquistadorredloslagos.cl\/test\/wp-json\/wp\/v2\/posts\/14638\/revisions"}],"predecessor-version":[{"id":14640,"href":"https:\/\/elconquistadorredloslagos.cl\/test\/wp-json\/wp\/v2\/posts\/14638\/revisions\/14640"}],"wp:featuredmedia":[{"embeddable":true,"href":"https:\/\/elconquistadorredloslagos.cl\/test\/wp-json\/wp\/v2\/media\/14639"}],"wp:attachment":[{"href":"https:\/\/elconquistadorredloslagos.cl\/test\/wp-json\/wp\/v2\/media?parent=14638"}],"wp:term":[{"taxonomy":"category","embeddable":true,"href":"https:\/\/elconquistadorredloslagos.cl\/test\/wp-json\/wp\/v2\/categories?post=14638"},{"taxonomy":"post_tag","embeddable":true,"href":"https:\/\/elconquistadorredloslagos.cl\/test\/wp-json\/wp\/v2\/tags?post=14638"}],"curies":[{"name":"wp","href":"https:\/\/api.w.org\/{rel}","templated":true}]}}