{"id":14559,"date":"2025-10-01T12:24:14","date_gmt":"2025-10-01T15:24:14","guid":{"rendered":"https:\/\/elconquistadorredloslagos.cl\/test\/?p=14559"},"modified":"2025-10-01T12:24:15","modified_gmt":"2025-10-01T15:24:15","slug":"mujeres-lideres-se-reuniran-esta-semana-en-osorno-y-puerto-varas-para-inspirar-y-transformar-el-emprendimiento-desde-el-sur-de-chile","status":"publish","type":"post","link":"https:\/\/elconquistadorredloslagos.cl\/test\/blog\/2025\/10\/01\/mujeres-lideres-se-reuniran-esta-semana-en-osorno-y-puerto-varas-para-inspirar-y-transformar-el-emprendimiento-desde-el-sur-de-chile\/","title":{"rendered":"Mujeres l\u00edderes se reunir\u00e1n esta semana en Osorno y Puerto Varas para inspirar y transformar el emprendimiento desde el sur de Chile"},"content":{"rendered":"\n<p>La Regi\u00f3n de Los Lagos se convertir\u00e1 en epicentro de la innovaci\u00f3n y el liderazgo femenino con la realizaci\u00f3n de un <strong>seminario internacional<\/strong> los d\u00edas <strong>2 y 3 de octubre<\/strong>, en el Hotel Sonesta de Osorno y el Hotel Bellavista de Puerto Varas.<\/p>\n\n\n\n<p>El encuentro, apoyado por <strong>Corfo Los Lagos<\/strong>, tiene como prop\u00f3sito <strong>reducir la brecha de g\u00e9nero y potenciar el liderazgo de mujeres en ciencia, tecnolog\u00eda, ingenier\u00eda y matem\u00e1ticas (STEM)<\/strong>, adem\u00e1s de fortalecer redes colaborativas desde el sur de Chile.<\/p>\n\n\n\n<h2 class=\"wp-block-heading\">Una experiencia inmersiva<\/h2>\n\n\n\n<p>La iniciativa propone m\u00e1s que un seminario tradicional: busca generar un <strong>espacio de conexi\u00f3n genuina, colaboraci\u00f3n y acci\u00f3n<\/strong>, invitando a las participantes a <strong>\u201cregalarse un d\u00eda para encontrarse, crecer y proyectarse\u201d<\/strong>.<\/p>\n\n\n\n<p>\u201cQueremos que las asistentes vivan un espacio de conexi\u00f3n genuina y construyan redes que les permitan escalar, porque sola llegas m\u00e1s r\u00e1pido, pero juntas llegamos m\u00e1s lejos\u201d, destac\u00f3 <strong>Mirna Brauning<\/strong>, l\u00edder del proyecto.<\/p>\n\n\n\n<p>Por su parte, el director regional de Corfo Los Lagos, <strong>Eduardo Arancibia<\/strong>, recalc\u00f3 que el seminario \u201ces una apuesta para abrir espacios de di\u00e1logo y acci\u00f3n en torno a la brecha de g\u00e9nero en STEM, visibilizando a mujeres l\u00edderes y generando las bases de una red regional que impulse el emprendimiento con perspectiva de g\u00e9nero desde el sur de Chile\u201d.<\/p>\n\n\n\n<h2 class=\"wp-block-heading\">Invitadas internacionales y nacionales<\/h2>\n\n\n\n<p>El seminario contar\u00e1 con la participaci\u00f3n de tres destacadas expositoras:<\/p>\n\n\n\n<ul class=\"wp-block-list\">\n<li><strong>Mar\u00eda Yolanda Burgos L\u00f3pez<\/strong> (M\u00e9xico), directora del Programa de Ingenier\u00eda en Innovaci\u00f3n y Desarrollo del Tecnol\u00f3gico de Monterrey.<\/li>\n\n\n\n<li><strong>Mar\u00eda Fernanda Bonesso<\/strong> (Argentina), fundadora de AgroJusto, plataforma digital que conecta a peque\u00f1os productores con comercios minoristas y consumidores finales.<\/li>\n\n\n\n<li><strong>Rommy Osorio<\/strong> (Chile), ingeniera ambiental y fundadora de Paz Recycling.<\/li>\n<\/ul>\n\n\n\n<h2 class=\"wp-block-heading\">Talleres y networking<\/h2>\n\n\n\n<p>Cada jornada comenzar\u00e1 a las 8:30 horas con una ceremonia de bienvenida y continuar\u00e1 con charlas magistrales, paneles, conversatorios y talleres pr\u00e1cticos.<\/p>\n\n\n\n<p>Entre las 14:30 y las 17:30 horas se desarrollar\u00e1n <strong>talleres de liderazgo emprendedor para mujeres en \u00e1reas STEM<\/strong>, a cargo de <strong>Valentina Orrego<\/strong>, de Veomas. Adem\u00e1s, se habilitar\u00e1n espacios de <strong>caf\u00e9 networking<\/strong> para fomentar encuentros informales entre asistentes, ponentes y empresas colaboradoras.<\/p>\n\n\n\n<h2 class=\"wp-block-heading\">Atreverse a innovar<\/h2>\n\n\n\n<p>\u201cEste seminario busca que las mujeres se atrevan a innovar con nosotras, que descubran que la escalabilidad, la rentabilidad y las start-up son mucho m\u00e1s reales en colaboraci\u00f3n\u201d, enfatiz\u00f3 Arancibia.<\/p>\n\n\n\n<p>El programa entregar\u00e1 herramientas concretas para que las participantes planifiquen su 2025 con objetivos claros y estrategias definidas para sus negocios y proyectos.<\/p>\n\n\n\n<h2 class=\"wp-block-heading\">Inscripciones abiertas<\/h2>\n\n\n\n<p>Las interesadas pueden registrarse en <a href=\"https:\/\/mujeres-stem.ulagos.cl\">https:\/\/mujeres-stem.ulagos.cl<\/a>.<\/p>\n\n\n\n<p>\u201cEste es un espacio dise\u00f1ado para que las mujeres se reconozcan como agentes de cambio y construyan, desde el sur de Chile, un liderazgo que inspire y transforme\u201d, concluy\u00f3 la organizaci\u00f3n.<\/p>\n","protected":false},"excerpt":{"rendered":"<p>La Regi\u00f3n de Los Lagos se convertir\u00e1 en epicentro de la innovaci\u00f3n y el liderazgo femenino con la realizaci\u00f3n de un seminario internacional los d\u00edas 2 y 3 de octubre,..<\/p>\n","protected":false},"author":7,"featured_media":14560,"comment_status":"closed","ping_status":"open","sticky":false,"template":"","format":"standard","meta":{"footnotes":""},"categories":[28,26,54,55],"tags":[],"class_list":["post-14559","post","type-post","status-publish","format-standard","has-post-thumbnail","hentry","category-actual","category-comunidad","category-lago-llanquihue","category-osorno"],"rttpg_featured_image_url":{"full":["https:\/\/elconquistadorredloslagos.cl\/test\/wp-content\/uploads\/2025\/10\/MUJERES-STEM.png",1920,1080,false],"landscape":["https:\/\/elconquistadorredloslagos.cl\/test\/wp-content\/uploads\/2025\/10\/MUJERES-STEM.png",1920,1080,false],"portraits":["https:\/\/elconquistadorredloslagos.cl\/test\/wp-content\/uploads\/2025\/10\/MUJERES-STEM.png",1920,1080,false],"thumbnail":["https:\/\/elconquistadorredloslagos.cl\/test\/wp-content\/uploads\/2025\/10\/MUJERES-STEM-150x150.png",150,150,true],"medium":["https:\/\/elconquistadorredloslagos.cl\/test\/wp-content\/uploads\/2025\/10\/MUJERES-STEM-300x169.png",300,169,true],"large":["https:\/\/elconquistadorredloslagos.cl\/test\/wp-content\/uploads\/2025\/10\/MUJERES-STEM-1024x576.png",1024,576,true],"1536x1536":["https:\/\/elconquistadorredloslagos.cl\/test\/wp-content\/uploads\/2025\/10\/MUJERES-STEM-1536x864.png",1536,864,true],"2048x2048":["https:\/\/elconquistadorredloslagos.cl\/test\/wp-content\/uploads\/2025\/10\/MUJERES-STEM.png",1920,1080,false]},"rttpg_author":{"display_name":"enzodelahoz1988","author_link":"https:\/\/elconquistadorredloslagos.cl\/test\/blog\/author\/enzodelahoz1988\/"},"rttpg_comment":0,"rttpg_category":"<a href=\"https:\/\/elconquistadorredloslagos.cl\/test\/blog\/category\/actual\/\" rel=\"category tag\">Actualidad<\/a> <a href=\"https:\/\/elconquistadorredloslagos.cl\/test\/blog\/category\/comunidad\/\" rel=\"category tag\">Comunidad<\/a> <a href=\"https:\/\/elconquistadorredloslagos.cl\/test\/blog\/category\/chile\/lago-llanquihue\/\" rel=\"category tag\">Lago LLanquihue<\/a> <a href=\"https:\/\/elconquistadorredloslagos.cl\/test\/blog\/category\/chile\/osorno\/\" rel=\"category tag\">Osorno<\/a>","rttpg_excerpt":"La Regi\u00f3n de Los Lagos se convertir\u00e1 en epicentro de la innovaci\u00f3n y el liderazgo femenino con la realizaci\u00f3n de un seminario internacional los d\u00edas 2 y 3 de octubre,..","_links":{"self":[{"href":"https:\/\/elconquistadorredloslagos.cl\/test\/wp-json\/wp\/v2\/posts\/14559","targetHints":{"allow":["GET"]}}],"collection":[{"href":"https:\/\/elconquistadorredloslagos.cl\/test\/wp-json\/wp\/v2\/posts"}],"about":[{"href":"https:\/\/elconquistadorredloslagos.cl\/test\/wp-json\/wp\/v2\/types\/post"}],"author":[{"embeddable":true,"href":"https:\/\/elconquistadorredloslagos.cl\/test\/wp-json\/wp\/v2\/users\/7"}],"replies":[{"embeddable":true,"href":"https:\/\/elconquistadorredloslagos.cl\/test\/wp-json\/wp\/v2\/comments?post=14559"}],"version-history":[{"count":1,"href":"https:\/\/elconquistadorredloslagos.cl\/test\/wp-json\/wp\/v2\/posts\/14559\/revisions"}],"predecessor-version":[{"id":14561,"href":"https:\/\/elconquistadorredloslagos.cl\/test\/wp-json\/wp\/v2\/posts\/14559\/revisions\/14561"}],"wp:featuredmedia":[{"embeddable":true,"href":"https:\/\/elconquistadorredloslagos.cl\/test\/wp-json\/wp\/v2\/media\/14560"}],"wp:attachment":[{"href":"https:\/\/elconquistadorredloslagos.cl\/test\/wp-json\/wp\/v2\/media?parent=14559"}],"wp:term":[{"taxonomy":"category","embeddable":true,"href":"https:\/\/elconquistadorredloslagos.cl\/test\/wp-json\/wp\/v2\/categories?post=14559"},{"taxonomy":"post_tag","embeddable":true,"href":"https:\/\/elconquistadorredloslagos.cl\/test\/wp-json\/wp\/v2\/tags?post=14559"}],"curies":[{"name":"wp","href":"https:\/\/api.w.org\/{rel}","templated":true}]}}