{"id":14552,"date":"2025-10-01T12:07:21","date_gmt":"2025-10-01T15:07:21","guid":{"rendered":"https:\/\/elconquistadorredloslagos.cl\/test\/?p=14552"},"modified":"2025-10-01T12:07:22","modified_gmt":"2025-10-01T15:07:22","slug":"andes-salud-puerto-montt-se-suma-a-la-nueva-modalidad-fonasa-sap-libre-eleccion-para-protesis-de-cadera-y-rodilla","status":"publish","type":"post","link":"https:\/\/elconquistadorredloslagos.cl\/test\/blog\/2025\/10\/01\/andes-salud-puerto-montt-se-suma-a-la-nueva-modalidad-fonasa-sap-libre-eleccion-para-protesis-de-cadera-y-rodilla\/","title":{"rendered":"Andes Salud Puerto Montt se suma a la nueva modalidad Fonasa SAP Libre Elecci\u00f3n para pr\u00f3tesis de cadera y rodilla"},"content":{"rendered":"\n<p>Una gran noticia para la Regi\u00f3n de Los Lagos: <strong>Cl\u00ednica Andes Salud Puerto Montt<\/strong> se adhiri\u00f3 a la nueva modalidad <strong>Fonasa SAP (Sistema de Acceso Priorizado) Libre Elecci\u00f3n<\/strong>, que permitir\u00e1 a pacientes beneficiarios acceder a <strong>cirug\u00edas de pr\u00f3tesis total de cadera y rodilla con precios fijos y conocidos<\/strong>.<\/p>\n\n\n\n<p>Este beneficio constituye un avance relevante en el acceso a intervenciones de alta demanda y complejidad, que permiten recuperar movilidad, aliviar el dolor y mejorar la calidad de vida de los pacientes.<\/p>\n\n\n\n<h2 class=\"wp-block-heading\">Lanzamiento en la regi\u00f3n<\/h2>\n\n\n\n<p>El <strong>30 de septiembre<\/strong>, el director nacional de Fonasa, <strong>Camilo Cid Pedraza<\/strong>, visit\u00f3 la Regi\u00f3n de Los Lagos para dar el inicio oficial a esta modalidad, en una actividad que cont\u00f3 con la presencia de la delegada presidencial regional, <strong>Paulina Mu\u00f1oz<\/strong>, y la seremi de Salud, <strong>Karin Sol\u00eds<\/strong>.<\/p>\n\n\n\n<p>Durante la instancia, las autoridades destacaron el rol de los prestadores locales en la implementaci\u00f3n de un sistema que busca entregar <strong>tiempos m\u00e1s acotados, valores claros y un acceso m\u00e1s equitativo a la salud<\/strong>. El objetivo central del programa es <strong>reducir las brechas en las listas de espera<\/strong> de este tipo de cirug\u00edas, ofreciendo alternativas concretas y m\u00e1s oportunas para resolver necesidades m\u00e9dicas.<\/p>\n\n\n\n<h2 class=\"wp-block-heading\">Cobertura del convenio<\/h2>\n\n\n\n<p>El convenio Fonasa SAP incluye <strong>hospitalizaci\u00f3n, derecho a pabell\u00f3n, medicamentos, insumos, pr\u00f3tesis, ex\u00e1menes inmediatos post operatorios y sesiones de kinesiolog\u00eda posteriores<\/strong> a la cirug\u00eda. As\u00ed, los pacientes pueden acceder a un tratamiento integral con la tranquilidad de contar con un valor transparente desde el inicio.<\/p>\n\n\n\n<p>El gerente general de Cl\u00ednica Andes Salud Puerto Montt, <strong>Juan Sabaj<\/strong>, subray\u00f3 la importancia de esta alianza:<\/p>\n\n\n\n<blockquote class=\"wp-block-quote is-layout-flow wp-block-quote-is-layout-flow\">\n<p>\u201cEstamos muy contentos de poder ofrecer a nuestros pacientes esta nueva alternativa que entrega Fonasa. Sabemos lo importante que son estas cirug\u00edas para recuperar la calidad de vida, y al sumarnos al convenio SAP estamos contribuyendo a ampliar las posibilidades de acceso en nuestra regi\u00f3n, con la calidad y el respaldo que nos caracteriza\u201d.<\/p>\n<\/blockquote>\n\n\n\n<p>Por su parte, el director nacional de Fonasa, <strong>Camilo Cid Pedraza<\/strong>, valor\u00f3 la adhesi\u00f3n del recinto:<\/p>\n\n\n\n<blockquote class=\"wp-block-quote is-layout-flow wp-block-quote-is-layout-flow\">\n<p>\u201cContar con prestadores como Cl\u00ednica Andes Salud Puerto Montt en el Sistema de Acceso Priorizado es una excelente noticia para los usuarios del sur del pa\u00eds. Esta modalidad nos ayuda a enfrentar las brechas de atenci\u00f3n y est\u00e1 dise\u00f1ada espec\u00edficamente para abordar la lista de espera, por lo que la colaboraci\u00f3n de prestadores de alto nivel como Andes Salud es fundamental\u201d.<\/p>\n<\/blockquote>\n\n\n\n<h2 class=\"wp-block-heading\">Primeras reservas<\/h2>\n\n\n\n<p>A pocos d\u00edas de su puesta en marcha, la cl\u00ednica ya registra <strong>reservas de pacientes<\/strong> y se prepara para iniciar las primeras cirug\u00edas bajo esta modalidad, reafirmando su compromiso con la salud de la regi\u00f3n y acercando soluciones concretas y de calidad para quienes necesitan acceder a tratamientos traumatol\u00f3gicos de alto impacto en su vida cotidiana.<\/p>\n","protected":false},"excerpt":{"rendered":"<p>Una gran noticia para la Regi\u00f3n de Los Lagos: Cl\u00ednica Andes Salud Puerto Montt se adhiri\u00f3 a la nueva modalidad Fonasa SAP (Sistema de Acceso Priorizado) Libre Elecci\u00f3n, que permitir\u00e1..<\/p>\n","protected":false},"author":7,"featured_media":14553,"comment_status":"closed","ping_status":"open","sticky":false,"template":"","format":"standard","meta":{"footnotes":""},"categories":[1,28,56],"tags":[],"class_list":["post-14552","post","type-post","status-publish","format-standard","has-post-thumbnail","hentry","category-acontecer","category-actual","category-puerto-montt"],"rttpg_featured_image_url":{"full":["https:\/\/elconquistadorredloslagos.cl\/test\/wp-content\/uploads\/2025\/10\/clinica-los-andes-conquistador.png",1920,1080,false],"landscape":["https:\/\/elconquistadorredloslagos.cl\/test\/wp-content\/uploads\/2025\/10\/clinica-los-andes-conquistador.png",1920,1080,false],"portraits":["https:\/\/elconquistadorredloslagos.cl\/test\/wp-content\/uploads\/2025\/10\/clinica-los-andes-conquistador.png",1920,1080,false],"thumbnail":["https:\/\/elconquistadorredloslagos.cl\/test\/wp-content\/uploads\/2025\/10\/clinica-los-andes-conquistador-150x150.png",150,150,true],"medium":["https:\/\/elconquistadorredloslagos.cl\/test\/wp-content\/uploads\/2025\/10\/clinica-los-andes-conquistador-300x169.png",300,169,true],"large":["https:\/\/elconquistadorredloslagos.cl\/test\/wp-content\/uploads\/2025\/10\/clinica-los-andes-conquistador-1024x576.png",1024,576,true],"1536x1536":["https:\/\/elconquistadorredloslagos.cl\/test\/wp-content\/uploads\/2025\/10\/clinica-los-andes-conquistador-1536x864.png",1536,864,true],"2048x2048":["https:\/\/elconquistadorredloslagos.cl\/test\/wp-content\/uploads\/2025\/10\/clinica-los-andes-conquistador.png",1920,1080,false]},"rttpg_author":{"display_name":"enzodelahoz1988","author_link":"https:\/\/elconquistadorredloslagos.cl\/test\/blog\/author\/enzodelahoz1988\/"},"rttpg_comment":0,"rttpg_category":"<a href=\"https:\/\/elconquistadorredloslagos.cl\/test\/blog\/category\/actual\/acontecer\/\" rel=\"category tag\">Acontecer<\/a> <a href=\"https:\/\/elconquistadorredloslagos.cl\/test\/blog\/category\/actual\/\" rel=\"category tag\">Actualidad<\/a> <a href=\"https:\/\/elconquistadorredloslagos.cl\/test\/blog\/category\/chile\/puerto-montt\/\" rel=\"category tag\">Puerto Montt<\/a>","rttpg_excerpt":"Una gran noticia para la Regi\u00f3n de Los Lagos: Cl\u00ednica Andes Salud Puerto Montt se adhiri\u00f3 a la nueva modalidad Fonasa SAP (Sistema de Acceso Priorizado) Libre Elecci\u00f3n, que permitir\u00e1..","_links":{"self":[{"href":"https:\/\/elconquistadorredloslagos.cl\/test\/wp-json\/wp\/v2\/posts\/14552","targetHints":{"allow":["GET"]}}],"collection":[{"href":"https:\/\/elconquistadorredloslagos.cl\/test\/wp-json\/wp\/v2\/posts"}],"about":[{"href":"https:\/\/elconquistadorredloslagos.cl\/test\/wp-json\/wp\/v2\/types\/post"}],"author":[{"embeddable":true,"href":"https:\/\/elconquistadorredloslagos.cl\/test\/wp-json\/wp\/v2\/users\/7"}],"replies":[{"embeddable":true,"href":"https:\/\/elconquistadorredloslagos.cl\/test\/wp-json\/wp\/v2\/comments?post=14552"}],"version-history":[{"count":1,"href":"https:\/\/elconquistadorredloslagos.cl\/test\/wp-json\/wp\/v2\/posts\/14552\/revisions"}],"predecessor-version":[{"id":14554,"href":"https:\/\/elconquistadorredloslagos.cl\/test\/wp-json\/wp\/v2\/posts\/14552\/revisions\/14554"}],"wp:featuredmedia":[{"embeddable":true,"href":"https:\/\/elconquistadorredloslagos.cl\/test\/wp-json\/wp\/v2\/media\/14553"}],"wp:attachment":[{"href":"https:\/\/elconquistadorredloslagos.cl\/test\/wp-json\/wp\/v2\/media?parent=14552"}],"wp:term":[{"taxonomy":"category","embeddable":true,"href":"https:\/\/elconquistadorredloslagos.cl\/test\/wp-json\/wp\/v2\/categories?post=14552"},{"taxonomy":"post_tag","embeddable":true,"href":"https:\/\/elconquistadorredloslagos.cl\/test\/wp-json\/wp\/v2\/tags?post=14552"}],"curies":[{"name":"wp","href":"https:\/\/api.w.org\/{rel}","templated":true}]}}