{"id":14491,"date":"2025-09-29T14:20:33","date_gmt":"2025-09-29T17:20:33","guid":{"rendered":"https:\/\/elconquistadorredloslagos.cl\/test\/?p=14491"},"modified":"2025-09-29T14:20:34","modified_gmt":"2025-09-29T17:20:34","slug":"gobernador-santana-y-alcalde-wainraihgt-firman-convenio-para-conservacion-integral-del-arena-puerto-montt","status":"publish","type":"post","link":"https:\/\/elconquistadorredloslagos.cl\/test\/blog\/2025\/09\/29\/gobernador-santana-y-alcalde-wainraihgt-firman-convenio-para-conservacion-integral-del-arena-puerto-montt\/","title":{"rendered":"Gobernador Santana y alcalde Wainraihgt firman convenio para conservaci\u00f3n integral del Arena Puerto Montt"},"content":{"rendered":"\n<p>El gobernador regional de Los Lagos, Alejandro Santana, junto al alcalde de Puerto Montt, Rodrigo Wainraihgt, firmaron el convenio que permitir\u00e1 ejecutar el proyecto \u201cConservaci\u00f3n Polideportivo Arena Puerto Montt\u201d, una inversi\u00f3n que supera los $1.795 millones financiados a trav\u00e9s del Fondo Nacional de Desarrollo Regional (FNDR) del Gobierno Regional de Los Lagos.<\/p>\n\n\n\n<p>La iniciativa busca transformar el recinto en un espacio deportivo de primer nivel, capaz de albergar competencias de alto rendimiento y eventos de alcance nacional e internacional, mediante un completo plan de mejoramiento de infraestructura.<\/p>\n\n\n\n<p>El proyecto contempla la impermeabilizaci\u00f3n y reposici\u00f3n de la techumbre con una nueva cubierta, membranas hidr\u00f3fugas y aislaci\u00f3n t\u00e9rmica y ac\u00fastica. Tambi\u00e9n considera la reparaci\u00f3n de muros, aleros, canaletas y fachadas, incorporando revestimiento texturado y madera termotratada. A ello se suma la renovaci\u00f3n integral de la cancha, donde se instalar\u00e1 la carpeta deportiva donada por el Comit\u00e9 Ol\u00edmpico de Chile que fue utilizada en los Juegos Panamericanos Santiago 2023. Adem\u00e1s, se realizar\u00e1n trabajos de pintura exterior, mejoras en cobertizos, veredas y accesos exteriores, con el objetivo de asegurar un recinto m\u00e1s moderno, funcional y seguro.<\/p>\n\n\n\n<p>Durante la ceremonia, el gobernador Alejandro Santana destac\u00f3 la relevancia de esta inversi\u00f3n para el futuro del deporte regional. <\/p>\n\n\n\n<figure class=\"wp-block-audio\"><audio controls src=\"https:\/\/elconquistadorredloslagos.cl\/test\/wp-content\/uploads\/2025\/09\/Gobernador-Arena-Puerto-Montt.mp3\"><\/audio><\/figure>\n\n\n\n<p>En la misma l\u00ednea, el alcalde de Puerto Montt, Rodrigo Wainraihgt, valor\u00f3 el financiamiento conseguido para la ejecuci\u00f3n de las obras. <\/p>\n\n\n\n<figure class=\"wp-block-audio\"><audio controls src=\"https:\/\/elconquistadorredloslagos.cl\/test\/wp-content\/uploads\/2025\/09\/Alcalde-Arena-Puerto-Montt.mp3\"><\/audio><\/figure>\n\n\n\n<p>Por su parte, el presidente de la Comisi\u00f3n de Infraestructura del Consejo Regional, Rodrigo Arismendi, resalt\u00f3 el impacto del convenio firmado. <\/p>\n\n\n\n<figure class=\"wp-block-audio\"><audio controls src=\"https:\/\/elconquistadorredloslagos.cl\/test\/wp-content\/uploads\/2025\/09\/Rodrigo-Arismendi-Arena-Puerto-Montt.mp3\"><\/audio><\/figure>\n\n\n\n<p>Con este convenio, Puerto Montt se prepara para dar un salto cualitativo en su infraestructura deportiva, consolidando al Arena como un recinto de referencia en el pa\u00eds.<\/p>\n","protected":false},"excerpt":{"rendered":"<p>El gobernador regional de Los Lagos, Alejandro Santana, junto al alcalde de Puerto Montt, Rodrigo Wainraihgt, firmaron el convenio que permitir\u00e1 ejecutar el proyecto \u201cConservaci\u00f3n Polideportivo Arena Puerto Montt\u201d, una..<\/p>\n","protected":false},"author":2,"featured_media":14495,"comment_status":"closed","ping_status":"open","sticky":false,"template":"","format":"standard","meta":{"footnotes":""},"categories":[1,28,26,56],"tags":[],"class_list":["post-14491","post","type-post","status-publish","format-standard","has-post-thumbnail","hentry","category-acontecer","category-actual","category-comunidad","category-puerto-montt"],"rttpg_featured_image_url":{"full":["https:\/\/elconquistadorredloslagos.cl\/test\/wp-content\/uploads\/2025\/09\/img-113.jpg",1920,1080,false],"landscape":["https:\/\/elconquistadorredloslagos.cl\/test\/wp-content\/uploads\/2025\/09\/img-113.jpg",1920,1080,false],"portraits":["https:\/\/elconquistadorredloslagos.cl\/test\/wp-content\/uploads\/2025\/09\/img-113.jpg",1920,1080,false],"thumbnail":["https:\/\/elconquistadorredloslagos.cl\/test\/wp-content\/uploads\/2025\/09\/img-113-150x150.jpg",150,150,true],"medium":["https:\/\/elconquistadorredloslagos.cl\/test\/wp-content\/uploads\/2025\/09\/img-113-300x169.jpg",300,169,true],"large":["https:\/\/elconquistadorredloslagos.cl\/test\/wp-content\/uploads\/2025\/09\/img-113-1024x576.jpg",1024,576,true],"1536x1536":["https:\/\/elconquistadorredloslagos.cl\/test\/wp-content\/uploads\/2025\/09\/img-113-1536x864.jpg",1536,864,true],"2048x2048":["https:\/\/elconquistadorredloslagos.cl\/test\/wp-content\/uploads\/2025\/09\/img-113.jpg",1920,1080,false]},"rttpg_author":{"display_name":"ccardenas","author_link":"https:\/\/elconquistadorredloslagos.cl\/test\/blog\/author\/ccardenas\/"},"rttpg_comment":0,"rttpg_category":"<a href=\"https:\/\/elconquistadorredloslagos.cl\/test\/blog\/category\/actual\/acontecer\/\" rel=\"category tag\">Acontecer<\/a> <a href=\"https:\/\/elconquistadorredloslagos.cl\/test\/blog\/category\/actual\/\" rel=\"category tag\">Actualidad<\/a> <a href=\"https:\/\/elconquistadorredloslagos.cl\/test\/blog\/category\/comunidad\/\" rel=\"category tag\">Comunidad<\/a> <a href=\"https:\/\/elconquistadorredloslagos.cl\/test\/blog\/category\/chile\/puerto-montt\/\" rel=\"category tag\">Puerto Montt<\/a>","rttpg_excerpt":"El gobernador regional de Los Lagos, Alejandro Santana, junto al alcalde de Puerto Montt, Rodrigo Wainraihgt, firmaron el convenio que permitir\u00e1 ejecutar el proyecto \u201cConservaci\u00f3n Polideportivo Arena Puerto Montt\u201d, una..","_links":{"self":[{"href":"https:\/\/elconquistadorredloslagos.cl\/test\/wp-json\/wp\/v2\/posts\/14491","targetHints":{"allow":["GET"]}}],"collection":[{"href":"https:\/\/elconquistadorredloslagos.cl\/test\/wp-json\/wp\/v2\/posts"}],"about":[{"href":"https:\/\/elconquistadorredloslagos.cl\/test\/wp-json\/wp\/v2\/types\/post"}],"author":[{"embeddable":true,"href":"https:\/\/elconquistadorredloslagos.cl\/test\/wp-json\/wp\/v2\/users\/2"}],"replies":[{"embeddable":true,"href":"https:\/\/elconquistadorredloslagos.cl\/test\/wp-json\/wp\/v2\/comments?post=14491"}],"version-history":[{"count":1,"href":"https:\/\/elconquistadorredloslagos.cl\/test\/wp-json\/wp\/v2\/posts\/14491\/revisions"}],"predecessor-version":[{"id":14496,"href":"https:\/\/elconquistadorredloslagos.cl\/test\/wp-json\/wp\/v2\/posts\/14491\/revisions\/14496"}],"wp:featuredmedia":[{"embeddable":true,"href":"https:\/\/elconquistadorredloslagos.cl\/test\/wp-json\/wp\/v2\/media\/14495"}],"wp:attachment":[{"href":"https:\/\/elconquistadorredloslagos.cl\/test\/wp-json\/wp\/v2\/media?parent=14491"}],"wp:term":[{"taxonomy":"category","embeddable":true,"href":"https:\/\/elconquistadorredloslagos.cl\/test\/wp-json\/wp\/v2\/categories?post=14491"},{"taxonomy":"post_tag","embeddable":true,"href":"https:\/\/elconquistadorredloslagos.cl\/test\/wp-json\/wp\/v2\/tags?post=14491"}],"curies":[{"name":"wp","href":"https:\/\/api.w.org\/{rel}","templated":true}]}}