{"id":14488,"date":"2025-09-29T14:08:20","date_gmt":"2025-09-29T17:08:20","guid":{"rendered":"https:\/\/elconquistadorredloslagos.cl\/test\/?p=14488"},"modified":"2025-09-29T14:08:21","modified_gmt":"2025-09-29T17:08:21","slug":"investigan-incendio-que-destruyo-una-vivienda-y-dejo-damnificados-en-rahue-alto","status":"publish","type":"post","link":"https:\/\/elconquistadorredloslagos.cl\/test\/blog\/2025\/09\/29\/investigan-incendio-que-destruyo-una-vivienda-y-dejo-damnificados-en-rahue-alto\/","title":{"rendered":"Investigan incendio que destruy\u00f3 una vivienda y dej\u00f3 damnificados en Rahue Alto"},"content":{"rendered":"\n<p>Un incendio afect\u00f3 este fin de semana a una vivienda en Rahue Alto, Osorno, dejando a cuatro adultos damnificados. La emergencia se registr\u00f3 cerca de las 21:30 horas en la calle Bogot\u00e1, y moviliz\u00f3 a varias unidades del Cuerpo de Bomberos de Osorno tras decretarse la segunda alarma.<\/p>\n\n\n\n<p>Seg\u00fan el segundo comandante Cristian Riquelme, las llamas destruyeron por completo el segundo piso de la casa y causaron da\u00f1os importantes en la planta baja. Pese a la magnitud del siniestro, no se reportaron lesiones entre los moradores ni los voluntarios que trabajaron en el lugar.<\/p>\n\n\n\n<p>Riquelme precis\u00f3 que la causa del incendio est\u00e1 siendo investigada por las autoridades correspondientes, mientras los afectados buscan asistencia para reponerse de las p\u00e9rdidas sufridas durante la emergencia.<\/p>\n\n\n\n<p>\ud83d\udcf7 <a href=\"https:\/\/www.facebook.com\/ministeriocasadedioschile?__cft__[0]=AZWZu-0RiHVi34kNie2GG4tIErUtCih7XwnYSU-KqqOb_MkXWMk6lrN-xW83zlKUI7gETpHjBK33oTGLJ8iqz2IWVY3SRk4PdshoLwxCWpLRJxQUdN8zPJdAnjI5j9S51Ri3JB9dmdiGmTziFg-kFGrdHtfYkyoL_aAapgjp53XeW-3TlmkLr4tsrS_ETXafFys&amp;__tn__=-UC*F\">Mcdtelevision Osorno<\/a> &#8211; Facebook<\/p>\n","protected":false},"excerpt":{"rendered":"<p>Un incendio afect\u00f3 este fin de semana a una vivienda en Rahue Alto, Osorno, dejando a cuatro adultos damnificados. La emergencia se registr\u00f3 cerca de las 21:30 horas en la..<\/p>\n","protected":false},"author":2,"featured_media":14489,"comment_status":"closed","ping_status":"open","sticky":false,"template":"","format":"standard","meta":{"footnotes":""},"categories":[1,28,55],"tags":[],"class_list":["post-14488","post","type-post","status-publish","format-standard","has-post-thumbnail","hentry","category-acontecer","category-actual","category-osorno"],"rttpg_featured_image_url":{"full":["https:\/\/elconquistadorredloslagos.cl\/test\/wp-content\/uploads\/2025\/09\/img-112.jpg",1920,1080,false],"landscape":["https:\/\/elconquistadorredloslagos.cl\/test\/wp-content\/uploads\/2025\/09\/img-112.jpg",1920,1080,false],"portraits":["https:\/\/elconquistadorredloslagos.cl\/test\/wp-content\/uploads\/2025\/09\/img-112.jpg",1920,1080,false],"thumbnail":["https:\/\/elconquistadorredloslagos.cl\/test\/wp-content\/uploads\/2025\/09\/img-112-150x150.jpg",150,150,true],"medium":["https:\/\/elconquistadorredloslagos.cl\/test\/wp-content\/uploads\/2025\/09\/img-112-300x169.jpg",300,169,true],"large":["https:\/\/elconquistadorredloslagos.cl\/test\/wp-content\/uploads\/2025\/09\/img-112-1024x576.jpg",1024,576,true],"1536x1536":["https:\/\/elconquistadorredloslagos.cl\/test\/wp-content\/uploads\/2025\/09\/img-112-1536x864.jpg",1536,864,true],"2048x2048":["https:\/\/elconquistadorredloslagos.cl\/test\/wp-content\/uploads\/2025\/09\/img-112.jpg",1920,1080,false]},"rttpg_author":{"display_name":"ccardenas","author_link":"https:\/\/elconquistadorredloslagos.cl\/test\/blog\/author\/ccardenas\/"},"rttpg_comment":0,"rttpg_category":"<a href=\"https:\/\/elconquistadorredloslagos.cl\/test\/blog\/category\/actual\/acontecer\/\" rel=\"category tag\">Acontecer<\/a> <a href=\"https:\/\/elconquistadorredloslagos.cl\/test\/blog\/category\/actual\/\" rel=\"category tag\">Actualidad<\/a> <a href=\"https:\/\/elconquistadorredloslagos.cl\/test\/blog\/category\/chile\/osorno\/\" rel=\"category tag\">Osorno<\/a>","rttpg_excerpt":"Un incendio afect\u00f3 este fin de semana a una vivienda en Rahue Alto, Osorno, dejando a cuatro adultos damnificados. La emergencia se registr\u00f3 cerca de las 21:30 horas en la..","_links":{"self":[{"href":"https:\/\/elconquistadorredloslagos.cl\/test\/wp-json\/wp\/v2\/posts\/14488","targetHints":{"allow":["GET"]}}],"collection":[{"href":"https:\/\/elconquistadorredloslagos.cl\/test\/wp-json\/wp\/v2\/posts"}],"about":[{"href":"https:\/\/elconquistadorredloslagos.cl\/test\/wp-json\/wp\/v2\/types\/post"}],"author":[{"embeddable":true,"href":"https:\/\/elconquistadorredloslagos.cl\/test\/wp-json\/wp\/v2\/users\/2"}],"replies":[{"embeddable":true,"href":"https:\/\/elconquistadorredloslagos.cl\/test\/wp-json\/wp\/v2\/comments?post=14488"}],"version-history":[{"count":1,"href":"https:\/\/elconquistadorredloslagos.cl\/test\/wp-json\/wp\/v2\/posts\/14488\/revisions"}],"predecessor-version":[{"id":14490,"href":"https:\/\/elconquistadorredloslagos.cl\/test\/wp-json\/wp\/v2\/posts\/14488\/revisions\/14490"}],"wp:featuredmedia":[{"embeddable":true,"href":"https:\/\/elconquistadorredloslagos.cl\/test\/wp-json\/wp\/v2\/media\/14489"}],"wp:attachment":[{"href":"https:\/\/elconquistadorredloslagos.cl\/test\/wp-json\/wp\/v2\/media?parent=14488"}],"wp:term":[{"taxonomy":"category","embeddable":true,"href":"https:\/\/elconquistadorredloslagos.cl\/test\/wp-json\/wp\/v2\/categories?post=14488"},{"taxonomy":"post_tag","embeddable":true,"href":"https:\/\/elconquistadorredloslagos.cl\/test\/wp-json\/wp\/v2\/tags?post=14488"}],"curies":[{"name":"wp","href":"https:\/\/api.w.org\/{rel}","templated":true}]}}