{"id":14485,"date":"2025-09-29T14:01:42","date_gmt":"2025-09-29T17:01:42","guid":{"rendered":"https:\/\/elconquistadorredloslagos.cl\/test\/?p=14485"},"modified":"2025-09-29T14:01:43","modified_gmt":"2025-09-29T17:01:43","slug":"chile-se-consagra-en-los-world-travel-awards-los-oscar-del-turismo","status":"publish","type":"post","link":"https:\/\/elconquistadorredloslagos.cl\/test\/blog\/2025\/09\/29\/chile-se-consagra-en-los-world-travel-awards-los-oscar-del-turismo\/","title":{"rendered":"Chile se consagra en los World Travel Awards: los \u201cOscar del Turismo\u201d"},"content":{"rendered":"\n<p>Chile destac\u00f3 nuevamente en los World Travel Awards Sudam\u00e9rica 2025, considerados los \u201cOscar del turismo\u201d, al recibir cinco galardones que reconocen la diversidad y calidad de su oferta tur\u00edstica. La ceremonia se realiz\u00f3 en Canc\u00fan, M\u00e9xico, donde el pa\u00eds fue premiado como Mejor Destino de Turismo Aventura, Mejor Destino Rom\u00e1ntico por el desierto de Atacama, Mejor Destino Verde, Mejor Destino de Naturaleza y Mejor Destino de Cruceros.<\/p>\n\n\n\n<p>Estos reconocimientos refuerzan m\u00e1s de una d\u00e9cada de triunfos en la competencia. Desde deportes extremos en glaciares y monta\u00f1as, hasta experiencias rom\u00e1nticas bajo los cielos despejados del Atacama, Chile demuestra su capacidad para ofrecer vivencias \u00fanicas y sostenibles.<\/p>\n\n\n\n<p>La subsecretaria de Turismo, Ver\u00f3nica Pardo, destac\u00f3 el valor de los premios y subray\u00f3 la magia del desierto de Atacama, elegido ocho veces como Mejor Destino Rom\u00e1ntico. Por su parte, el director nacional de Sernatur, Crist\u00f3bal Ben\u00edtez, resalt\u00f3 que los galardones evidencian el potencial del pa\u00eds para diversificar su oferta y atraer turistas que valoran naturaleza y cruceros.<\/p>\n\n\n\n<p>Los World Travel Awards, creados en 1993, reconocen anualmente los destinos m\u00e1s destacados de la industria tur\u00edstica regional y mundial. Los ganadores sudamericanos competir\u00e1n ahora en la final global el 6 de diciembre en Bar\u00e9in.<\/p>\n","protected":false},"excerpt":{"rendered":"<p>Chile destac\u00f3 nuevamente en los World Travel Awards Sudam\u00e9rica 2025, considerados los \u201cOscar del turismo\u201d, al recibir cinco galardones que reconocen la diversidad y calidad de su oferta tur\u00edstica. La..<\/p>\n","protected":false},"author":2,"featured_media":14486,"comment_status":"closed","ping_status":"open","sticky":false,"template":"","format":"standard","meta":{"footnotes":""},"categories":[1,28,53,52,29],"tags":[],"class_list":["post-14485","post","type-post","status-publish","format-standard","has-post-thumbnail","hentry","category-acontecer","category-actual","category-mundo","category-chile","category-turismo"],"rttpg_featured_image_url":{"full":["https:\/\/elconquistadorredloslagos.cl\/test\/wp-content\/uploads\/2025\/09\/img-111.jpg",1920,1080,false],"landscape":["https:\/\/elconquistadorredloslagos.cl\/test\/wp-content\/uploads\/2025\/09\/img-111.jpg",1920,1080,false],"portraits":["https:\/\/elconquistadorredloslagos.cl\/test\/wp-content\/uploads\/2025\/09\/img-111.jpg",1920,1080,false],"thumbnail":["https:\/\/elconquistadorredloslagos.cl\/test\/wp-content\/uploads\/2025\/09\/img-111-150x150.jpg",150,150,true],"medium":["https:\/\/elconquistadorredloslagos.cl\/test\/wp-content\/uploads\/2025\/09\/img-111-300x169.jpg",300,169,true],"large":["https:\/\/elconquistadorredloslagos.cl\/test\/wp-content\/uploads\/2025\/09\/img-111-1024x576.jpg",1024,576,true],"1536x1536":["https:\/\/elconquistadorredloslagos.cl\/test\/wp-content\/uploads\/2025\/09\/img-111-1536x864.jpg",1536,864,true],"2048x2048":["https:\/\/elconquistadorredloslagos.cl\/test\/wp-content\/uploads\/2025\/09\/img-111.jpg",1920,1080,false]},"rttpg_author":{"display_name":"ccardenas","author_link":"https:\/\/elconquistadorredloslagos.cl\/test\/blog\/author\/ccardenas\/"},"rttpg_comment":0,"rttpg_category":"<a href=\"https:\/\/elconquistadorredloslagos.cl\/test\/blog\/category\/actual\/acontecer\/\" rel=\"category tag\">Acontecer<\/a> <a href=\"https:\/\/elconquistadorredloslagos.cl\/test\/blog\/category\/actual\/\" rel=\"category tag\">Actualidad<\/a> <a href=\"https:\/\/elconquistadorredloslagos.cl\/test\/blog\/category\/mundo\/\" rel=\"category tag\">Internacional<\/a> <a href=\"https:\/\/elconquistadorredloslagos.cl\/test\/blog\/category\/chile\/\" rel=\"category tag\">Nacional<\/a> <a href=\"https:\/\/elconquistadorredloslagos.cl\/test\/blog\/category\/actual\/turismo\/\" rel=\"category tag\">Turismo<\/a>","rttpg_excerpt":"Chile destac\u00f3 nuevamente en los World Travel Awards Sudam\u00e9rica 2025, considerados los \u201cOscar del turismo\u201d, al recibir cinco galardones que reconocen la diversidad y calidad de su oferta tur\u00edstica. La..","_links":{"self":[{"href":"https:\/\/elconquistadorredloslagos.cl\/test\/wp-json\/wp\/v2\/posts\/14485","targetHints":{"allow":["GET"]}}],"collection":[{"href":"https:\/\/elconquistadorredloslagos.cl\/test\/wp-json\/wp\/v2\/posts"}],"about":[{"href":"https:\/\/elconquistadorredloslagos.cl\/test\/wp-json\/wp\/v2\/types\/post"}],"author":[{"embeddable":true,"href":"https:\/\/elconquistadorredloslagos.cl\/test\/wp-json\/wp\/v2\/users\/2"}],"replies":[{"embeddable":true,"href":"https:\/\/elconquistadorredloslagos.cl\/test\/wp-json\/wp\/v2\/comments?post=14485"}],"version-history":[{"count":1,"href":"https:\/\/elconquistadorredloslagos.cl\/test\/wp-json\/wp\/v2\/posts\/14485\/revisions"}],"predecessor-version":[{"id":14487,"href":"https:\/\/elconquistadorredloslagos.cl\/test\/wp-json\/wp\/v2\/posts\/14485\/revisions\/14487"}],"wp:featuredmedia":[{"embeddable":true,"href":"https:\/\/elconquistadorredloslagos.cl\/test\/wp-json\/wp\/v2\/media\/14486"}],"wp:attachment":[{"href":"https:\/\/elconquistadorredloslagos.cl\/test\/wp-json\/wp\/v2\/media?parent=14485"}],"wp:term":[{"taxonomy":"category","embeddable":true,"href":"https:\/\/elconquistadorredloslagos.cl\/test\/wp-json\/wp\/v2\/categories?post=14485"},{"taxonomy":"post_tag","embeddable":true,"href":"https:\/\/elconquistadorredloslagos.cl\/test\/wp-json\/wp\/v2\/tags?post=14485"}],"curies":[{"name":"wp","href":"https:\/\/api.w.org\/{rel}","templated":true}]}}