{"id":14478,"date":"2025-09-29T13:11:33","date_gmt":"2025-09-29T16:11:33","guid":{"rendered":"https:\/\/elconquistadorredloslagos.cl\/test\/?p=14478"},"modified":"2025-09-29T13:11:33","modified_gmt":"2025-09-29T16:11:33","slug":"aeropuerto-de-osorno-enfrenta-serias-deficiencias-y-preocupa-a-autoridades","status":"publish","type":"post","link":"https:\/\/elconquistadorredloslagos.cl\/test\/blog\/2025\/09\/29\/aeropuerto-de-osorno-enfrenta-serias-deficiencias-y-preocupa-a-autoridades\/","title":{"rendered":"Aeropuerto de Osorno enfrenta serias deficiencias y preocupa a autoridades"},"content":{"rendered":"\n<p>El estado cr\u00edtico del aer\u00f3dromo Carlos Hott Siebert en Ca\u00f1al Bajo genera alarma en Osorno por los riesgos que representa para la conectividad y la actividad econ\u00f3mica local. El consejero regional Alexis Casanova pidi\u00f3 a la Direcci\u00f3n General de Aeron\u00e1utica Civil (DGAC) tomar medidas urgentes.<\/p>\n\n\n\n<p>Durante la sesi\u00f3n del Consejo Regional en Calbuco, Casanova detall\u00f3 que la pista presenta da\u00f1os significativos, que incluso provocaron que m\u00e1s de 140 pasajeros quedaran varados durante Fiestas Patrias. \u201cNo se trata solo de turistas, sino de empresarios que buscan generar empleo. El transporte a\u00e9reo es un tramo vital para Osorno y no podemos quedar aislados\u201d, se\u00f1al\u00f3.<\/p>\n\n\n\n<p>El consejero compar\u00f3 la situaci\u00f3n con otras ciudades de la regi\u00f3n, como Valdivia y Puerto Montt, que cuentan con aer\u00f3dromos en mejores condiciones, y subray\u00f3 la urgencia de modernizar y mantener la infraestructura local. La falta de atenci\u00f3n, advirti\u00f3, afecta tanto la movilidad de los habitantes como la competitividad de la provincia.<\/p>\n\n\n\n<p>\ud83d\udcf7 Referencial<\/p>\n","protected":false},"excerpt":{"rendered":"<p>El estado cr\u00edtico del aer\u00f3dromo Carlos Hott Siebert en Ca\u00f1al Bajo genera alarma en Osorno por los riesgos que representa para la conectividad y la actividad econ\u00f3mica local. El consejero..<\/p>\n","protected":false},"author":2,"featured_media":14479,"comment_status":"closed","ping_status":"open","sticky":false,"template":"","format":"standard","meta":{"footnotes":""},"categories":[1,28,55],"tags":[],"class_list":["post-14478","post","type-post","status-publish","format-standard","has-post-thumbnail","hentry","category-acontecer","category-actual","category-osorno"],"rttpg_featured_image_url":{"full":["https:\/\/elconquistadorredloslagos.cl\/test\/wp-content\/uploads\/2025\/09\/img-109.jpg",1920,1080,false],"landscape":["https:\/\/elconquistadorredloslagos.cl\/test\/wp-content\/uploads\/2025\/09\/img-109.jpg",1920,1080,false],"portraits":["https:\/\/elconquistadorredloslagos.cl\/test\/wp-content\/uploads\/2025\/09\/img-109.jpg",1920,1080,false],"thumbnail":["https:\/\/elconquistadorredloslagos.cl\/test\/wp-content\/uploads\/2025\/09\/img-109-150x150.jpg",150,150,true],"medium":["https:\/\/elconquistadorredloslagos.cl\/test\/wp-content\/uploads\/2025\/09\/img-109-300x169.jpg",300,169,true],"large":["https:\/\/elconquistadorredloslagos.cl\/test\/wp-content\/uploads\/2025\/09\/img-109-1024x576.jpg",1024,576,true],"1536x1536":["https:\/\/elconquistadorredloslagos.cl\/test\/wp-content\/uploads\/2025\/09\/img-109-1536x864.jpg",1536,864,true],"2048x2048":["https:\/\/elconquistadorredloslagos.cl\/test\/wp-content\/uploads\/2025\/09\/img-109.jpg",1920,1080,false]},"rttpg_author":{"display_name":"ccardenas","author_link":"https:\/\/elconquistadorredloslagos.cl\/test\/blog\/author\/ccardenas\/"},"rttpg_comment":0,"rttpg_category":"<a href=\"https:\/\/elconquistadorredloslagos.cl\/test\/blog\/category\/actual\/acontecer\/\" rel=\"category tag\">Acontecer<\/a> <a href=\"https:\/\/elconquistadorredloslagos.cl\/test\/blog\/category\/actual\/\" rel=\"category tag\">Actualidad<\/a> <a href=\"https:\/\/elconquistadorredloslagos.cl\/test\/blog\/category\/chile\/osorno\/\" rel=\"category tag\">Osorno<\/a>","rttpg_excerpt":"El estado cr\u00edtico del aer\u00f3dromo Carlos Hott Siebert en Ca\u00f1al Bajo genera alarma en Osorno por los riesgos que representa para la conectividad y la actividad econ\u00f3mica local. El consejero..","_links":{"self":[{"href":"https:\/\/elconquistadorredloslagos.cl\/test\/wp-json\/wp\/v2\/posts\/14478","targetHints":{"allow":["GET"]}}],"collection":[{"href":"https:\/\/elconquistadorredloslagos.cl\/test\/wp-json\/wp\/v2\/posts"}],"about":[{"href":"https:\/\/elconquistadorredloslagos.cl\/test\/wp-json\/wp\/v2\/types\/post"}],"author":[{"embeddable":true,"href":"https:\/\/elconquistadorredloslagos.cl\/test\/wp-json\/wp\/v2\/users\/2"}],"replies":[{"embeddable":true,"href":"https:\/\/elconquistadorredloslagos.cl\/test\/wp-json\/wp\/v2\/comments?post=14478"}],"version-history":[{"count":1,"href":"https:\/\/elconquistadorredloslagos.cl\/test\/wp-json\/wp\/v2\/posts\/14478\/revisions"}],"predecessor-version":[{"id":14480,"href":"https:\/\/elconquistadorredloslagos.cl\/test\/wp-json\/wp\/v2\/posts\/14478\/revisions\/14480"}],"wp:featuredmedia":[{"embeddable":true,"href":"https:\/\/elconquistadorredloslagos.cl\/test\/wp-json\/wp\/v2\/media\/14479"}],"wp:attachment":[{"href":"https:\/\/elconquistadorredloslagos.cl\/test\/wp-json\/wp\/v2\/media?parent=14478"}],"wp:term":[{"taxonomy":"category","embeddable":true,"href":"https:\/\/elconquistadorredloslagos.cl\/test\/wp-json\/wp\/v2\/categories?post=14478"},{"taxonomy":"post_tag","embeddable":true,"href":"https:\/\/elconquistadorredloslagos.cl\/test\/wp-json\/wp\/v2\/tags?post=14478"}],"curies":[{"name":"wp","href":"https:\/\/api.w.org\/{rel}","templated":true}]}}