{"id":14473,"date":"2025-09-29T13:03:10","date_gmt":"2025-09-29T16:03:10","guid":{"rendered":"https:\/\/elconquistadorredloslagos.cl\/test\/?p=14473"},"modified":"2025-09-29T13:03:11","modified_gmt":"2025-09-29T16:03:11","slug":"comienza-construccion-del-primer-centro-comunitario-de-salud-mental-en-chiloe","status":"publish","type":"post","link":"https:\/\/elconquistadorredloslagos.cl\/test\/blog\/2025\/09\/29\/comienza-construccion-del-primer-centro-comunitario-de-salud-mental-en-chiloe\/","title":{"rendered":"Comienza construcci\u00f3n del primer Centro Comunitario de Salud Mental en Chilo\u00e9"},"content":{"rendered":"\n<p>Con la entrega del terreno a la empresa a cargo de las obras, el Servicio de Salud Chilo\u00e9 dio inicio oficial a la construcci\u00f3n del primer Centro Comunitario de Salud Mental (COSAM) de la provincia, el cual estar\u00e1 emplazado en Quell\u00f3n.<\/p>\n\n\n\n<p>El proyecto, adjudicado mediante licitaci\u00f3n p\u00fablica por $111 millones, busca fortalecer la red de salud mental en el archipi\u00e9lago y mejorar el acceso a atenci\u00f3n especializada. Seg\u00fan explic\u00f3 David Ortega, jefe del subdepartamento de salud mental, este centro marcar\u00e1 un hito.<\/p>\n\n\n\n<figure class=\"wp-block-audio\"><audio controls src=\"https:\/\/elconquistadorredloslagos.cl\/test\/wp-content\/uploads\/2025\/09\/CUNA-SSCHILOE-1-1.mp3\"><\/audio><\/figure>\n\n\n\n<p>El COSAM Quell\u00f3n entregar\u00e1 atenci\u00f3n ambulatoria en psiquiatr\u00eda y salud mental, bajo un modelo integral, comunitario e interdisciplinario. Su construcci\u00f3n, de car\u00e1cter modular, se ejecutar\u00e1 en tres etapas y en un plazo reducido de 90 d\u00edas corridos, de acuerdo con el constructor civil Lauro Maldonado.<\/p>\n\n\n\n<figure class=\"wp-block-audio\"><audio controls src=\"https:\/\/elconquistadorredloslagos.cl\/test\/wp-content\/uploads\/2025\/09\/CUNA-SSCHILOE-2.mp3\"><\/audio><\/figure>\n\n\n\n<p>Mientras se desarrollan las obras, el dispositivo funcionar\u00e1 transitoriamente en el Consultorio Adosado de Especialidades del Hospital de Quell\u00f3n. Se espera que el nuevo centro se transforme no solo en un espacio de atenci\u00f3n, sino tambi\u00e9n en un lugar de acogida, contenci\u00f3n y acompa\u00f1amiento para los usuarios del sistema p\u00fablico de salud en la provincia.<\/p>\n","protected":false},"excerpt":{"rendered":"<p>Con la entrega del terreno a la empresa a cargo de las obras, el Servicio de Salud Chilo\u00e9 dio inicio oficial a la construcci\u00f3n del primer Centro Comunitario de Salud..<\/p>\n","protected":false},"author":2,"featured_media":14476,"comment_status":"closed","ping_status":"open","sticky":false,"template":"","format":"standard","meta":{"footnotes":""},"categories":[1,28,51],"tags":[],"class_list":["post-14473","post","type-post","status-publish","format-standard","has-post-thumbnail","hentry","category-acontecer","category-actual","category-chiloe"],"rttpg_featured_image_url":{"full":["https:\/\/elconquistadorredloslagos.cl\/test\/wp-content\/uploads\/2025\/09\/img-108.jpg",1920,1080,false],"landscape":["https:\/\/elconquistadorredloslagos.cl\/test\/wp-content\/uploads\/2025\/09\/img-108.jpg",1920,1080,false],"portraits":["https:\/\/elconquistadorredloslagos.cl\/test\/wp-content\/uploads\/2025\/09\/img-108.jpg",1920,1080,false],"thumbnail":["https:\/\/elconquistadorredloslagos.cl\/test\/wp-content\/uploads\/2025\/09\/img-108-150x150.jpg",150,150,true],"medium":["https:\/\/elconquistadorredloslagos.cl\/test\/wp-content\/uploads\/2025\/09\/img-108-300x169.jpg",300,169,true],"large":["https:\/\/elconquistadorredloslagos.cl\/test\/wp-content\/uploads\/2025\/09\/img-108-1024x576.jpg",1024,576,true],"1536x1536":["https:\/\/elconquistadorredloslagos.cl\/test\/wp-content\/uploads\/2025\/09\/img-108-1536x864.jpg",1536,864,true],"2048x2048":["https:\/\/elconquistadorredloslagos.cl\/test\/wp-content\/uploads\/2025\/09\/img-108.jpg",1920,1080,false]},"rttpg_author":{"display_name":"ccardenas","author_link":"https:\/\/elconquistadorredloslagos.cl\/test\/blog\/author\/ccardenas\/"},"rttpg_comment":0,"rttpg_category":"<a href=\"https:\/\/elconquistadorredloslagos.cl\/test\/blog\/category\/actual\/acontecer\/\" rel=\"category tag\">Acontecer<\/a> <a href=\"https:\/\/elconquistadorredloslagos.cl\/test\/blog\/category\/actual\/\" rel=\"category tag\">Actualidad<\/a> <a href=\"https:\/\/elconquistadorredloslagos.cl\/test\/blog\/category\/chile\/chiloe\/\" rel=\"category tag\">Chilo\u00e9<\/a>","rttpg_excerpt":"Con la entrega del terreno a la empresa a cargo de las obras, el Servicio de Salud Chilo\u00e9 dio inicio oficial a la construcci\u00f3n del primer Centro Comunitario de Salud..","_links":{"self":[{"href":"https:\/\/elconquistadorredloslagos.cl\/test\/wp-json\/wp\/v2\/posts\/14473","targetHints":{"allow":["GET"]}}],"collection":[{"href":"https:\/\/elconquistadorredloslagos.cl\/test\/wp-json\/wp\/v2\/posts"}],"about":[{"href":"https:\/\/elconquistadorredloslagos.cl\/test\/wp-json\/wp\/v2\/types\/post"}],"author":[{"embeddable":true,"href":"https:\/\/elconquistadorredloslagos.cl\/test\/wp-json\/wp\/v2\/users\/2"}],"replies":[{"embeddable":true,"href":"https:\/\/elconquistadorredloslagos.cl\/test\/wp-json\/wp\/v2\/comments?post=14473"}],"version-history":[{"count":1,"href":"https:\/\/elconquistadorredloslagos.cl\/test\/wp-json\/wp\/v2\/posts\/14473\/revisions"}],"predecessor-version":[{"id":14477,"href":"https:\/\/elconquistadorredloslagos.cl\/test\/wp-json\/wp\/v2\/posts\/14473\/revisions\/14477"}],"wp:featuredmedia":[{"embeddable":true,"href":"https:\/\/elconquistadorredloslagos.cl\/test\/wp-json\/wp\/v2\/media\/14476"}],"wp:attachment":[{"href":"https:\/\/elconquistadorredloslagos.cl\/test\/wp-json\/wp\/v2\/media?parent=14473"}],"wp:term":[{"taxonomy":"category","embeddable":true,"href":"https:\/\/elconquistadorredloslagos.cl\/test\/wp-json\/wp\/v2\/categories?post=14473"},{"taxonomy":"post_tag","embeddable":true,"href":"https:\/\/elconquistadorredloslagos.cl\/test\/wp-json\/wp\/v2\/tags?post=14473"}],"curies":[{"name":"wp","href":"https:\/\/api.w.org\/{rel}","templated":true}]}}