{"id":14469,"date":"2025-09-29T12:59:16","date_gmt":"2025-09-29T15:59:16","guid":{"rendered":"https:\/\/elconquistadorredloslagos.cl\/test\/?p=14469"},"modified":"2025-09-29T12:59:17","modified_gmt":"2025-09-29T15:59:17","slug":"corte-de-apelaciones-confirma-prision-preventiva-por-robo-en-ancud","status":"publish","type":"post","link":"https:\/\/elconquistadorredloslagos.cl\/test\/blog\/2025\/09\/29\/corte-de-apelaciones-confirma-prision-preventiva-por-robo-en-ancud\/","title":{"rendered":"Corte de apelaciones confirma prisi\u00f3n preventiva por robo en Ancud"},"content":{"rendered":"\n<p>La Corte de Apelaciones de Puerto Montt revoc\u00f3 la medida de arresto domiciliario total y dict\u00f3 prisi\u00f3n preventiva para un hombre imputado por un robo ocurrido en la comuna de Ancud. Seg\u00fan inform\u00f3 la fiscal subrogante Mar\u00eda Paz Parada, el sujeto ingres\u00f3 a un domicilio y sustrajo diversas especies antes de ser detenido por Carabineros.<\/p>\n\n\n\n<p>La medida cautelar fue solicitada por el Ministerio P\u00fablico tras la apelaci\u00f3n presentada por la fiscal\u00eda local, buscando asegurar la presencia del imputado durante el desarrollo de la investigaci\u00f3n. El tribunal acogi\u00f3 los argumentos y determin\u00f3 que la prisi\u00f3n preventiva era la medida m\u00e1s adecuada dadas las circunstancias del delito.<\/p>\n\n\n\n<figure class=\"wp-block-audio\"><audio controls src=\"https:\/\/elconquistadorredloslagos.cl\/test\/wp-content\/uploads\/2025\/09\/CUNA-FISCAL-ANCUD-2.mp3\"><\/audio><\/figure>\n\n\n\n<p>El caso sigue en investigaci\u00f3n bajo la fiscal\u00eda local, mientras se recopilan antecedentes y pruebas que permitan esclarecer los hechos y avanzar hacia un eventual juicio. La resoluci\u00f3n refleja la importancia de las apelaciones judiciales en la revisi\u00f3n de medidas cautelares.<\/p>\n\n\n\n<p>\ud83d\udcf7 Contexto<\/p>\n","protected":false},"excerpt":{"rendered":"<p>La Corte de Apelaciones de Puerto Montt revoc\u00f3 la medida de arresto domiciliario total y dict\u00f3 prisi\u00f3n preventiva para un hombre imputado por un robo ocurrido en la comuna de..<\/p>\n","protected":false},"author":2,"featured_media":14471,"comment_status":"closed","ping_status":"open","sticky":false,"template":"","format":"standard","meta":{"footnotes":""},"categories":[1,28,51],"tags":[],"class_list":["post-14469","post","type-post","status-publish","format-standard","has-post-thumbnail","hentry","category-acontecer","category-actual","category-chiloe"],"rttpg_featured_image_url":{"full":["https:\/\/elconquistadorredloslagos.cl\/test\/wp-content\/uploads\/2025\/09\/img-107.jpg",1920,1080,false],"landscape":["https:\/\/elconquistadorredloslagos.cl\/test\/wp-content\/uploads\/2025\/09\/img-107.jpg",1920,1080,false],"portraits":["https:\/\/elconquistadorredloslagos.cl\/test\/wp-content\/uploads\/2025\/09\/img-107.jpg",1920,1080,false],"thumbnail":["https:\/\/elconquistadorredloslagos.cl\/test\/wp-content\/uploads\/2025\/09\/img-107-150x150.jpg",150,150,true],"medium":["https:\/\/elconquistadorredloslagos.cl\/test\/wp-content\/uploads\/2025\/09\/img-107-300x169.jpg",300,169,true],"large":["https:\/\/elconquistadorredloslagos.cl\/test\/wp-content\/uploads\/2025\/09\/img-107-1024x576.jpg",1024,576,true],"1536x1536":["https:\/\/elconquistadorredloslagos.cl\/test\/wp-content\/uploads\/2025\/09\/img-107-1536x864.jpg",1536,864,true],"2048x2048":["https:\/\/elconquistadorredloslagos.cl\/test\/wp-content\/uploads\/2025\/09\/img-107.jpg",1920,1080,false]},"rttpg_author":{"display_name":"ccardenas","author_link":"https:\/\/elconquistadorredloslagos.cl\/test\/blog\/author\/ccardenas\/"},"rttpg_comment":0,"rttpg_category":"<a href=\"https:\/\/elconquistadorredloslagos.cl\/test\/blog\/category\/actual\/acontecer\/\" rel=\"category tag\">Acontecer<\/a> <a href=\"https:\/\/elconquistadorredloslagos.cl\/test\/blog\/category\/actual\/\" rel=\"category tag\">Actualidad<\/a> <a href=\"https:\/\/elconquistadorredloslagos.cl\/test\/blog\/category\/chile\/chiloe\/\" rel=\"category tag\">Chilo\u00e9<\/a>","rttpg_excerpt":"La Corte de Apelaciones de Puerto Montt revoc\u00f3 la medida de arresto domiciliario total y dict\u00f3 prisi\u00f3n preventiva para un hombre imputado por un robo ocurrido en la comuna de..","_links":{"self":[{"href":"https:\/\/elconquistadorredloslagos.cl\/test\/wp-json\/wp\/v2\/posts\/14469","targetHints":{"allow":["GET"]}}],"collection":[{"href":"https:\/\/elconquistadorredloslagos.cl\/test\/wp-json\/wp\/v2\/posts"}],"about":[{"href":"https:\/\/elconquistadorredloslagos.cl\/test\/wp-json\/wp\/v2\/types\/post"}],"author":[{"embeddable":true,"href":"https:\/\/elconquistadorredloslagos.cl\/test\/wp-json\/wp\/v2\/users\/2"}],"replies":[{"embeddable":true,"href":"https:\/\/elconquistadorredloslagos.cl\/test\/wp-json\/wp\/v2\/comments?post=14469"}],"version-history":[{"count":1,"href":"https:\/\/elconquistadorredloslagos.cl\/test\/wp-json\/wp\/v2\/posts\/14469\/revisions"}],"predecessor-version":[{"id":14472,"href":"https:\/\/elconquistadorredloslagos.cl\/test\/wp-json\/wp\/v2\/posts\/14469\/revisions\/14472"}],"wp:featuredmedia":[{"embeddable":true,"href":"https:\/\/elconquistadorredloslagos.cl\/test\/wp-json\/wp\/v2\/media\/14471"}],"wp:attachment":[{"href":"https:\/\/elconquistadorredloslagos.cl\/test\/wp-json\/wp\/v2\/media?parent=14469"}],"wp:term":[{"taxonomy":"category","embeddable":true,"href":"https:\/\/elconquistadorredloslagos.cl\/test\/wp-json\/wp\/v2\/categories?post=14469"},{"taxonomy":"post_tag","embeddable":true,"href":"https:\/\/elconquistadorredloslagos.cl\/test\/wp-json\/wp\/v2\/tags?post=14469"}],"curies":[{"name":"wp","href":"https:\/\/api.w.org\/{rel}","templated":true}]}}