{"id":14464,"date":"2025-09-29T12:51:47","date_gmt":"2025-09-29T15:51:47","guid":{"rendered":"https:\/\/elconquistadorredloslagos.cl\/test\/?p=14464"},"modified":"2025-09-29T12:51:48","modified_gmt":"2025-09-29T15:51:48","slug":"municipio-de-quellon-inicia-acciones-legales-por-millonaria-deuda-en-la-corporacion","status":"publish","type":"post","link":"https:\/\/elconquistadorredloslagos.cl\/test\/blog\/2025\/09\/29\/municipio-de-quellon-inicia-acciones-legales-por-millonaria-deuda-en-la-corporacion\/","title":{"rendered":"Municipio de Quell\u00f3n inicia acciones legales por millonaria deuda en la Corporaci\u00f3n"},"content":{"rendered":"\n<p>La Municipalidad de Quell\u00f3n present\u00f3 una querella contra el exalcalde Cristian Ojeda (DC) y contra quienes resulten responsables de las irregularidades que dejaron a la Corporaci\u00f3n Municipal de Educaci\u00f3n, Salud y Atenci\u00f3n de Menores con un d\u00e9ficit cercano a los 8 mil millones de pesos, de los cuales 3 mil 300 corresponden a deuda previsional.<\/p>\n\n\n\n<p>La acci\u00f3n judicial, interpuesta por el actual edil Claudio Barudy, fue declarada admisible por el Juzgado de Garant\u00eda, lo que permitir\u00e1 a la Fiscal\u00eda iniciar una investigaci\u00f3n.<\/p>\n\n\n\n<p>Barudy asegur\u00f3 que se trata de hechos ocurridos en la administraci\u00f3n anterior y que hoy obligan al municipio a destinar recursos que podr\u00edan utilizarse en otras \u00e1reas. \u201cNo es una persecuci\u00f3n pol\u00edtica ni personal, sino que alguien tiene que hacerse responsable\u201d, enfatiz\u00f3.<\/p>\n\n\n\n<p>La abogada municipal Yessica Soto explic\u00f3 que el informe detect\u00f3 eventuales delitos como fraude al fisco, malversaci\u00f3n de caudales, negociaci\u00f3n incompatible, incumplimiento de cotizaciones previsionales y delitos inform\u00e1ticos.<\/p>\n\n\n\n<figure class=\"wp-block-audio\"><audio controls src=\"https:\/\/elconquistadorredloslagos.cl\/test\/wp-content\/uploads\/2025\/09\/CUNA-ABOGADA-QUELLON.mp3\"><\/audio><\/figure>\n\n\n\n<p>Quien tambi\u00e9n entreg\u00f3 su parecer respecto a esta acci\u00f3n judicial, fue Jorge Mansilla, presidente del Colegio de Profesores de Quell\u00f3n.<\/p>\n\n\n\n<figure class=\"wp-block-audio\"><audio controls src=\"https:\/\/elconquistadorredloslagos.cl\/test\/wp-content\/uploads\/2025\/09\/CUNA-PROFESORES.mp3\"><\/audio><\/figure>\n\n\n\n<p>Desde la corporaci\u00f3n, el secretario general Dixon Turra recalc\u00f3 que la auditor\u00eda externa realizada ya entreg\u00f3 los antecedentes al Ministerio P\u00fablico. El municipio espera que antes de fin de a\u00f1o se formalice a los responsables, dando inicio a un proceso penal que podr\u00eda extenderse por hasta dos a\u00f1os.<\/p>\n\n\n\n<p><\/p>\n","protected":false},"excerpt":{"rendered":"<p>La Municipalidad de Quell\u00f3n present\u00f3 una querella contra el exalcalde Cristian Ojeda (DC) y contra quienes resulten responsables de las irregularidades que dejaron a la Corporaci\u00f3n Municipal de Educaci\u00f3n, Salud..<\/p>\n","protected":false},"author":2,"featured_media":14467,"comment_status":"closed","ping_status":"open","sticky":false,"template":"","format":"standard","meta":{"footnotes":""},"categories":[1,28,51,39],"tags":[],"class_list":["post-14464","post","type-post","status-publish","format-standard","has-post-thumbnail","hentry","category-acontecer","category-actual","category-chiloe","category-educacion"],"rttpg_featured_image_url":{"full":["https:\/\/elconquistadorredloslagos.cl\/test\/wp-content\/uploads\/2025\/09\/img-106.jpg",1920,1080,false],"landscape":["https:\/\/elconquistadorredloslagos.cl\/test\/wp-content\/uploads\/2025\/09\/img-106.jpg",1920,1080,false],"portraits":["https:\/\/elconquistadorredloslagos.cl\/test\/wp-content\/uploads\/2025\/09\/img-106.jpg",1920,1080,false],"thumbnail":["https:\/\/elconquistadorredloslagos.cl\/test\/wp-content\/uploads\/2025\/09\/img-106-150x150.jpg",150,150,true],"medium":["https:\/\/elconquistadorredloslagos.cl\/test\/wp-content\/uploads\/2025\/09\/img-106-300x169.jpg",300,169,true],"large":["https:\/\/elconquistadorredloslagos.cl\/test\/wp-content\/uploads\/2025\/09\/img-106-1024x576.jpg",1024,576,true],"1536x1536":["https:\/\/elconquistadorredloslagos.cl\/test\/wp-content\/uploads\/2025\/09\/img-106-1536x864.jpg",1536,864,true],"2048x2048":["https:\/\/elconquistadorredloslagos.cl\/test\/wp-content\/uploads\/2025\/09\/img-106.jpg",1920,1080,false]},"rttpg_author":{"display_name":"ccardenas","author_link":"https:\/\/elconquistadorredloslagos.cl\/test\/blog\/author\/ccardenas\/"},"rttpg_comment":0,"rttpg_category":"<a href=\"https:\/\/elconquistadorredloslagos.cl\/test\/blog\/category\/actual\/acontecer\/\" rel=\"category tag\">Acontecer<\/a> <a href=\"https:\/\/elconquistadorredloslagos.cl\/test\/blog\/category\/actual\/\" rel=\"category tag\">Actualidad<\/a> <a href=\"https:\/\/elconquistadorredloslagos.cl\/test\/blog\/category\/chile\/chiloe\/\" rel=\"category tag\">Chilo\u00e9<\/a> <a href=\"https:\/\/elconquistadorredloslagos.cl\/test\/blog\/category\/actual\/educacion\/\" rel=\"category tag\">Educaci\u00f3n<\/a>","rttpg_excerpt":"La Municipalidad de Quell\u00f3n present\u00f3 una querella contra el exalcalde Cristian Ojeda (DC) y contra quienes resulten responsables de las irregularidades que dejaron a la Corporaci\u00f3n Municipal de Educaci\u00f3n, Salud..","_links":{"self":[{"href":"https:\/\/elconquistadorredloslagos.cl\/test\/wp-json\/wp\/v2\/posts\/14464","targetHints":{"allow":["GET"]}}],"collection":[{"href":"https:\/\/elconquistadorredloslagos.cl\/test\/wp-json\/wp\/v2\/posts"}],"about":[{"href":"https:\/\/elconquistadorredloslagos.cl\/test\/wp-json\/wp\/v2\/types\/post"}],"author":[{"embeddable":true,"href":"https:\/\/elconquistadorredloslagos.cl\/test\/wp-json\/wp\/v2\/users\/2"}],"replies":[{"embeddable":true,"href":"https:\/\/elconquistadorredloslagos.cl\/test\/wp-json\/wp\/v2\/comments?post=14464"}],"version-history":[{"count":1,"href":"https:\/\/elconquistadorredloslagos.cl\/test\/wp-json\/wp\/v2\/posts\/14464\/revisions"}],"predecessor-version":[{"id":14468,"href":"https:\/\/elconquistadorredloslagos.cl\/test\/wp-json\/wp\/v2\/posts\/14464\/revisions\/14468"}],"wp:featuredmedia":[{"embeddable":true,"href":"https:\/\/elconquistadorredloslagos.cl\/test\/wp-json\/wp\/v2\/media\/14467"}],"wp:attachment":[{"href":"https:\/\/elconquistadorredloslagos.cl\/test\/wp-json\/wp\/v2\/media?parent=14464"}],"wp:term":[{"taxonomy":"category","embeddable":true,"href":"https:\/\/elconquistadorredloslagos.cl\/test\/wp-json\/wp\/v2\/categories?post=14464"},{"taxonomy":"post_tag","embeddable":true,"href":"https:\/\/elconquistadorredloslagos.cl\/test\/wp-json\/wp\/v2\/tags?post=14464"}],"curies":[{"name":"wp","href":"https:\/\/api.w.org\/{rel}","templated":true}]}}