{"id":14459,"date":"2025-09-29T11:10:03","date_gmt":"2025-09-29T14:10:03","guid":{"rendered":"https:\/\/elconquistadorredloslagos.cl\/test\/?p=14459"},"modified":"2025-09-29T11:14:08","modified_gmt":"2025-09-29T14:14:08","slug":"fiesta-de-las-luminarias-2025-calbuco-reunio-a-mas-de-25-mil-visitantes-en-una-celebracion-historica","status":"publish","type":"post","link":"https:\/\/elconquistadorredloslagos.cl\/test\/blog\/2025\/09\/29\/fiesta-de-las-luminarias-2025-calbuco-reunio-a-mas-de-25-mil-visitantes-en-una-celebracion-historica\/","title":{"rendered":"Fiesta de las Luminarias 2025: Calbuco reuni\u00f3 a m\u00e1s de 25 mil visitantes"},"content":{"rendered":"\n<p><strong>La tradicional festividad super\u00f3 todas las proyecciones con un fuerte impacto cultural, religioso y econ\u00f3mico, consolidando a la comuna como un polo tur\u00edstico del sur de Chile.<\/strong><\/p>\n\n\n\n<p>La <strong>Fiesta de las Luminarias y Comunas M\u00e1gicas 2025<\/strong> convirti\u00f3 a Calbuco en epicentro de encuentro cultural y tur\u00edstico durante tres jornadas que congregaron a m\u00e1s de <strong>25 mil personas<\/strong>.<\/p>\n\n\n\n<p>La afluencia de p\u00fablico permiti\u00f3 que los <strong>m\u00e1s de 200 emprendedores, artesanos, restaurantes, cerveceros y comerciantes locales<\/strong> triplicaran las ventas inicialmente proyectadas, con un balance considerado hist\u00f3rico. Muchos de ellos agotaron stock antes del cierre de cada jornada.<\/p>\n\n\n\n<p>\u201cTodos superaron sus expectativas. Fue un \u00e9xito econ\u00f3mico y tur\u00edstico. Nos visitaron miles de personas y cumplimos con el objetivo de mostrar a Calbuco como un territorio m\u00e1gico y lleno de oportunidades\u201d, destac\u00f3 el alcalde <strong>Marco Silva<\/strong>.<\/p>\n\n\n\n<p>El programa incluy\u00f3 actividades de gran convocatoria: la <strong>procesi\u00f3n mar\u00edtima y la boga isle\u00f1a<\/strong> marcaron el inicio de la festividad, a lo que se sum\u00f3 la inauguraci\u00f3n de la <strong>Ruta Gastron\u00f3mica de las Luminarias<\/strong>, con cocina en vivo del chef suizo <strong>Fr\u00e9d\u00e9ric Emery<\/strong>, quien fusion\u00f3 tradici\u00f3n calbucana y t\u00e9cnicas contempor\u00e1neas.<\/p>\n\n\n\n<p>El segundo d\u00eda estuvo protagonizado por la <strong>Carrera de los Indios<\/strong>, que reuni\u00f3 a cerca de 200 competidores, y el <strong>Desfile y Carnaval de Faroles<\/strong>, instancia que ilumin\u00f3 las calles con miles de luces y colores, transform\u00e1ndose en una de las postales m\u00e1s esperadas.<\/p>\n\n\n\n<p>El cierre de la celebraci\u00f3n estuvo marcado por la religiosidad y las tradiciones: la <strong>descendida de las luminarias<\/strong>, la <strong>misa en honor a San Miguel Arc\u00e1ngel<\/strong> y la procesi\u00f3n dedicada al patrono de la comuna. El grupo <strong>Bordemar<\/strong> puso el broche final con su m\u00fasica cargada de identidad local.<\/p>\n\n\n\n<p>La masiva convocatoria y la positiva evaluaci\u00f3n de los asistentes consolidan a la Fiesta de las Luminarias como un evento clave del calendario cultural del sur de Chile, donde se entrelazan <strong>fe, tradici\u00f3n y desarrollo local<\/strong>.<\/p>\n\n\n\n<p>Foto. Jorge G\u00fazman.<\/p>\n","protected":false},"excerpt":{"rendered":"<p>La tradicional festividad super\u00f3 todas las proyecciones con un fuerte impacto cultural, religioso y econ\u00f3mico, consolidando a la comuna como un polo tur\u00edstico del sur de Chile. La Fiesta de..<\/p>\n","protected":false},"author":7,"featured_media":14460,"comment_status":"closed","ping_status":"open","sticky":false,"template":"","format":"standard","meta":{"footnotes":""},"categories":[1,28,26],"tags":[],"class_list":["post-14459","post","type-post","status-publish","format-standard","has-post-thumbnail","hentry","category-acontecer","category-actual","category-comunidad"],"rttpg_featured_image_url":{"full":["https:\/\/elconquistadorredloslagos.cl\/test\/wp-content\/uploads\/2025\/09\/luminarias-calbuco-conquistador.png",1920,1080,false],"landscape":["https:\/\/elconquistadorredloslagos.cl\/test\/wp-content\/uploads\/2025\/09\/luminarias-calbuco-conquistador.png",1920,1080,false],"portraits":["https:\/\/elconquistadorredloslagos.cl\/test\/wp-content\/uploads\/2025\/09\/luminarias-calbuco-conquistador.png",1920,1080,false],"thumbnail":["https:\/\/elconquistadorredloslagos.cl\/test\/wp-content\/uploads\/2025\/09\/luminarias-calbuco-conquistador-150x150.png",150,150,true],"medium":["https:\/\/elconquistadorredloslagos.cl\/test\/wp-content\/uploads\/2025\/09\/luminarias-calbuco-conquistador-300x169.png",300,169,true],"large":["https:\/\/elconquistadorredloslagos.cl\/test\/wp-content\/uploads\/2025\/09\/luminarias-calbuco-conquistador-1024x576.png",1024,576,true],"1536x1536":["https:\/\/elconquistadorredloslagos.cl\/test\/wp-content\/uploads\/2025\/09\/luminarias-calbuco-conquistador-1536x864.png",1536,864,true],"2048x2048":["https:\/\/elconquistadorredloslagos.cl\/test\/wp-content\/uploads\/2025\/09\/luminarias-calbuco-conquistador.png",1920,1080,false]},"rttpg_author":{"display_name":"enzodelahoz1988","author_link":"https:\/\/elconquistadorredloslagos.cl\/test\/blog\/author\/enzodelahoz1988\/"},"rttpg_comment":0,"rttpg_category":"<a href=\"https:\/\/elconquistadorredloslagos.cl\/test\/blog\/category\/actual\/acontecer\/\" rel=\"category tag\">Acontecer<\/a> <a href=\"https:\/\/elconquistadorredloslagos.cl\/test\/blog\/category\/actual\/\" rel=\"category tag\">Actualidad<\/a> <a href=\"https:\/\/elconquistadorredloslagos.cl\/test\/blog\/category\/comunidad\/\" rel=\"category tag\">Comunidad<\/a>","rttpg_excerpt":"La tradicional festividad super\u00f3 todas las proyecciones con un fuerte impacto cultural, religioso y econ\u00f3mico, consolidando a la comuna como un polo tur\u00edstico del sur de Chile. La Fiesta de..","_links":{"self":[{"href":"https:\/\/elconquistadorredloslagos.cl\/test\/wp-json\/wp\/v2\/posts\/14459","targetHints":{"allow":["GET"]}}],"collection":[{"href":"https:\/\/elconquistadorredloslagos.cl\/test\/wp-json\/wp\/v2\/posts"}],"about":[{"href":"https:\/\/elconquistadorredloslagos.cl\/test\/wp-json\/wp\/v2\/types\/post"}],"author":[{"embeddable":true,"href":"https:\/\/elconquistadorredloslagos.cl\/test\/wp-json\/wp\/v2\/users\/7"}],"replies":[{"embeddable":true,"href":"https:\/\/elconquistadorredloslagos.cl\/test\/wp-json\/wp\/v2\/comments?post=14459"}],"version-history":[{"count":3,"href":"https:\/\/elconquistadorredloslagos.cl\/test\/wp-json\/wp\/v2\/posts\/14459\/revisions"}],"predecessor-version":[{"id":14463,"href":"https:\/\/elconquistadorredloslagos.cl\/test\/wp-json\/wp\/v2\/posts\/14459\/revisions\/14463"}],"wp:featuredmedia":[{"embeddable":true,"href":"https:\/\/elconquistadorredloslagos.cl\/test\/wp-json\/wp\/v2\/media\/14460"}],"wp:attachment":[{"href":"https:\/\/elconquistadorredloslagos.cl\/test\/wp-json\/wp\/v2\/media?parent=14459"}],"wp:term":[{"taxonomy":"category","embeddable":true,"href":"https:\/\/elconquistadorredloslagos.cl\/test\/wp-json\/wp\/v2\/categories?post=14459"},{"taxonomy":"post_tag","embeddable":true,"href":"https:\/\/elconquistadorredloslagos.cl\/test\/wp-json\/wp\/v2\/tags?post=14459"}],"curies":[{"name":"wp","href":"https:\/\/api.w.org\/{rel}","templated":true}]}}