{"id":14456,"date":"2025-09-28T00:32:43","date_gmt":"2025-09-28T03:32:43","guid":{"rendered":"https:\/\/elconquistadorredloslagos.cl\/test\/?p=14456"},"modified":"2025-09-28T00:32:44","modified_gmt":"2025-09-28T03:32:44","slug":"investigan-colision-multiple-en-dalcahue-que-dejo-13-lesionados-y-2-400-clientes-sin-luz","status":"publish","type":"post","link":"https:\/\/elconquistadorredloslagos.cl\/test\/blog\/2025\/09\/28\/investigan-colision-multiple-en-dalcahue-que-dejo-13-lesionados-y-2-400-clientes-sin-luz\/","title":{"rendered":"Investigan colisi\u00f3n m\u00faltiple en Dalcahue que dej\u00f3 13 lesionados y 2.400 clientes sin luz"},"content":{"rendered":"\n<p>Un accidente de tr\u00e1nsito ocurrido cerca de las 17:00 horas en la intersecci\u00f3n de Mocopulli con Ram\u00f3n Freire, en pleno centro de Dalcahue, dej\u00f3 13 personas lesionadas y un masivo corte de energ\u00eda que afect\u00f3 a 2.400 clientes.<\/p>\n\n\n\n<p>De acuerdo con los primeros antecedentes, un cami\u00f3n de carga sufri\u00f3 una falla en los frenos, impactando contra tres veh\u00edculos menores y derribando postes del tendido el\u00e9ctrico. <\/p>\n\n\n\n<p>Afortunadamente, ninguna de las lesiones reviste gravedad.El siniestro fue contenido por una barrera de seguridad que evit\u00f3 que el veh\u00edculo ingresara a una vivienda. Equipos de emergencia trasladaron a los heridos y personal de la compa\u00f1\u00eda el\u00e9ctrica trabaja en reponer el suministro. <\/p>\n\n\n\n<p>La Fiscal\u00eda orden\u00f3 diligencias para esclarecer las causas del accidente y determinar responsabilidades.<\/p>\n","protected":false},"excerpt":{"rendered":"<p>Un accidente de tr\u00e1nsito ocurrido cerca de las 17:00 horas en la intersecci\u00f3n de Mocopulli con Ram\u00f3n Freire, en pleno centro de Dalcahue, dej\u00f3 13 personas lesionadas y un masivo..<\/p>\n","protected":false},"author":2,"featured_media":14457,"comment_status":"closed","ping_status":"open","sticky":false,"template":"","format":"standard","meta":{"footnotes":""},"categories":[1,28,51],"tags":[],"class_list":["post-14456","post","type-post","status-publish","format-standard","has-post-thumbnail","hentry","category-acontecer","category-actual","category-chiloe"],"rttpg_featured_image_url":{"full":["https:\/\/elconquistadorredloslagos.cl\/test\/wp-content\/uploads\/2025\/09\/uesta_20250928_003030_0000.jpg",1920,1080,false],"landscape":["https:\/\/elconquistadorredloslagos.cl\/test\/wp-content\/uploads\/2025\/09\/uesta_20250928_003030_0000.jpg",1920,1080,false],"portraits":["https:\/\/elconquistadorredloslagos.cl\/test\/wp-content\/uploads\/2025\/09\/uesta_20250928_003030_0000.jpg",1920,1080,false],"thumbnail":["https:\/\/elconquistadorredloslagos.cl\/test\/wp-content\/uploads\/2025\/09\/uesta_20250928_003030_0000-150x150.jpg",150,150,true],"medium":["https:\/\/elconquistadorredloslagos.cl\/test\/wp-content\/uploads\/2025\/09\/uesta_20250928_003030_0000-300x169.jpg",300,169,true],"large":["https:\/\/elconquistadorredloslagos.cl\/test\/wp-content\/uploads\/2025\/09\/uesta_20250928_003030_0000-1024x576.jpg",1024,576,true],"1536x1536":["https:\/\/elconquistadorredloslagos.cl\/test\/wp-content\/uploads\/2025\/09\/uesta_20250928_003030_0000-1536x864.jpg",1536,864,true],"2048x2048":["https:\/\/elconquistadorredloslagos.cl\/test\/wp-content\/uploads\/2025\/09\/uesta_20250928_003030_0000.jpg",1920,1080,false]},"rttpg_author":{"display_name":"ccardenas","author_link":"https:\/\/elconquistadorredloslagos.cl\/test\/blog\/author\/ccardenas\/"},"rttpg_comment":0,"rttpg_category":"<a href=\"https:\/\/elconquistadorredloslagos.cl\/test\/blog\/category\/actual\/acontecer\/\" rel=\"category tag\">Acontecer<\/a> <a href=\"https:\/\/elconquistadorredloslagos.cl\/test\/blog\/category\/actual\/\" rel=\"category tag\">Actualidad<\/a> <a href=\"https:\/\/elconquistadorredloslagos.cl\/test\/blog\/category\/chile\/chiloe\/\" rel=\"category tag\">Chilo\u00e9<\/a>","rttpg_excerpt":"Un accidente de tr\u00e1nsito ocurrido cerca de las 17:00 horas en la intersecci\u00f3n de Mocopulli con Ram\u00f3n Freire, en pleno centro de Dalcahue, dej\u00f3 13 personas lesionadas y un masivo..","_links":{"self":[{"href":"https:\/\/elconquistadorredloslagos.cl\/test\/wp-json\/wp\/v2\/posts\/14456","targetHints":{"allow":["GET"]}}],"collection":[{"href":"https:\/\/elconquistadorredloslagos.cl\/test\/wp-json\/wp\/v2\/posts"}],"about":[{"href":"https:\/\/elconquistadorredloslagos.cl\/test\/wp-json\/wp\/v2\/types\/post"}],"author":[{"embeddable":true,"href":"https:\/\/elconquistadorredloslagos.cl\/test\/wp-json\/wp\/v2\/users\/2"}],"replies":[{"embeddable":true,"href":"https:\/\/elconquistadorredloslagos.cl\/test\/wp-json\/wp\/v2\/comments?post=14456"}],"version-history":[{"count":1,"href":"https:\/\/elconquistadorredloslagos.cl\/test\/wp-json\/wp\/v2\/posts\/14456\/revisions"}],"predecessor-version":[{"id":14458,"href":"https:\/\/elconquistadorredloslagos.cl\/test\/wp-json\/wp\/v2\/posts\/14456\/revisions\/14458"}],"wp:featuredmedia":[{"embeddable":true,"href":"https:\/\/elconquistadorredloslagos.cl\/test\/wp-json\/wp\/v2\/media\/14457"}],"wp:attachment":[{"href":"https:\/\/elconquistadorredloslagos.cl\/test\/wp-json\/wp\/v2\/media?parent=14456"}],"wp:term":[{"taxonomy":"category","embeddable":true,"href":"https:\/\/elconquistadorredloslagos.cl\/test\/wp-json\/wp\/v2\/categories?post=14456"},{"taxonomy":"post_tag","embeddable":true,"href":"https:\/\/elconquistadorredloslagos.cl\/test\/wp-json\/wp\/v2\/tags?post=14456"}],"curies":[{"name":"wp","href":"https:\/\/api.w.org\/{rel}","templated":true}]}}