{"id":14453,"date":"2025-09-26T18:28:59","date_gmt":"2025-09-26T21:28:59","guid":{"rendered":"https:\/\/elconquistadorredloslagos.cl\/test\/?p=14453"},"modified":"2025-09-26T18:29:00","modified_gmt":"2025-09-26T21:29:00","slug":"chiloe-participa-en-feria-internacional-de-turismo-en-paris-para-potenciar-su-promocion-en-europa","status":"publish","type":"post","link":"https:\/\/elconquistadorredloslagos.cl\/test\/blog\/2025\/09\/26\/chiloe-participa-en-feria-internacional-de-turismo-en-paris-para-potenciar-su-promocion-en-europa\/","title":{"rendered":"Chilo\u00e9 participa en Feria Internacional de Turismo en Par\u00eds para potenciar su promoci\u00f3n en Europa"},"content":{"rendered":"\n<p>Chilo\u00e9 volvi\u00f3 a proyectar su riqueza cultural y natural en el extranjero al participar en la Feria Internacional de Turismo Top Resa, que se desarrolla en Par\u00eds desde 1979 y re\u00fane cada a\u00f1o a especialistas y operadores de todo el mundo.<\/p>\n\n\n\n<p>La encargada de Turismo de Chonchi, Carolina Vera, fue la representante del archipi\u00e9lago en el stand de la Regi\u00f3n de Los Lagos, donde sostuvo reuniones con actores internacionales del rubro. Seg\u00fan explic\u00f3, el objetivo es fortalecer v\u00ednculos con agencias y operadores europeos para abrir nuevas oportunidades de promoci\u00f3n de la comuna y del archipi\u00e9lago, destacando sus iglesias patrimoniales, pueblos costeros, tradiciones y el sistema agr\u00edcola Sipam.<\/p>\n\n\n\n<p>El municipio inform\u00f3 que la presencia en este encuentro fue posible gracias al apoyo de Sernatur y al financiamiento del programa FNDR de Promoci\u00f3n Tur\u00edstica, estrategia que busca romper la estacionalidad de las visitas y fomentar un turismo sustentable durante todo el a\u00f1o.<\/p>\n\n\n\n<p>\u201cYa comenzamos las reuniones en Top Resa y estamos reunidos con Elisa de Petit Fut\u00e9, la gu\u00eda francesa por excelencia para el mundo franc\u00f3fono. Estamos evaluando alternativas para que Chilo\u00e9 sea promocionado tanto en su p\u00e1gina web como en su revista y gu\u00eda\u201d, se\u00f1al\u00f3 Vera.<\/p>\n\n\n\n<p>Con esta participaci\u00f3n, Chonchi y el archipi\u00e9lago refuerzan su presencia en Europa, acercando a\u00fan m\u00e1s su cultura, su historia y sus paisajes a los viajeros internacionales.<\/p>\n\n\n\n<p>\ud83d\udcf7 <a href=\"https:\/\/www.facebook.com\/municipalidadchonchi?__tn__=-UC*F\">Ilustre Municipalidad de Chonchi<\/a> &#8211; Facebook<\/p>\n","protected":false},"excerpt":{"rendered":"<p>Chilo\u00e9 volvi\u00f3 a proyectar su riqueza cultural y natural en el extranjero al participar en la Feria Internacional de Turismo Top Resa, que se desarrolla en Par\u00eds desde 1979 y..<\/p>\n","protected":false},"author":2,"featured_media":14454,"comment_status":"closed","ping_status":"open","sticky":false,"template":"","format":"standard","meta":{"footnotes":""},"categories":[1,28,51,53,29],"tags":[],"class_list":["post-14453","post","type-post","status-publish","format-standard","has-post-thumbnail","hentry","category-acontecer","category-actual","category-chiloe","category-mundo","category-turismo"],"rttpg_featured_image_url":{"full":["https:\/\/elconquistadorredloslagos.cl\/test\/wp-content\/uploads\/2025\/09\/img-105.jpg",1920,1080,false],"landscape":["https:\/\/elconquistadorredloslagos.cl\/test\/wp-content\/uploads\/2025\/09\/img-105.jpg",1920,1080,false],"portraits":["https:\/\/elconquistadorredloslagos.cl\/test\/wp-content\/uploads\/2025\/09\/img-105.jpg",1920,1080,false],"thumbnail":["https:\/\/elconquistadorredloslagos.cl\/test\/wp-content\/uploads\/2025\/09\/img-105-150x150.jpg",150,150,true],"medium":["https:\/\/elconquistadorredloslagos.cl\/test\/wp-content\/uploads\/2025\/09\/img-105-300x169.jpg",300,169,true],"large":["https:\/\/elconquistadorredloslagos.cl\/test\/wp-content\/uploads\/2025\/09\/img-105-1024x576.jpg",1024,576,true],"1536x1536":["https:\/\/elconquistadorredloslagos.cl\/test\/wp-content\/uploads\/2025\/09\/img-105-1536x864.jpg",1536,864,true],"2048x2048":["https:\/\/elconquistadorredloslagos.cl\/test\/wp-content\/uploads\/2025\/09\/img-105.jpg",1920,1080,false]},"rttpg_author":{"display_name":"ccardenas","author_link":"https:\/\/elconquistadorredloslagos.cl\/test\/blog\/author\/ccardenas\/"},"rttpg_comment":0,"rttpg_category":"<a href=\"https:\/\/elconquistadorredloslagos.cl\/test\/blog\/category\/actual\/acontecer\/\" rel=\"category tag\">Acontecer<\/a> <a href=\"https:\/\/elconquistadorredloslagos.cl\/test\/blog\/category\/actual\/\" rel=\"category tag\">Actualidad<\/a> <a href=\"https:\/\/elconquistadorredloslagos.cl\/test\/blog\/category\/chile\/chiloe\/\" rel=\"category tag\">Chilo\u00e9<\/a> <a href=\"https:\/\/elconquistadorredloslagos.cl\/test\/blog\/category\/mundo\/\" rel=\"category tag\">Internacional<\/a> <a href=\"https:\/\/elconquistadorredloslagos.cl\/test\/blog\/category\/actual\/turismo\/\" rel=\"category tag\">Turismo<\/a>","rttpg_excerpt":"Chilo\u00e9 volvi\u00f3 a proyectar su riqueza cultural y natural en el extranjero al participar en la Feria Internacional de Turismo Top Resa, que se desarrolla en Par\u00eds desde 1979 y..","_links":{"self":[{"href":"https:\/\/elconquistadorredloslagos.cl\/test\/wp-json\/wp\/v2\/posts\/14453","targetHints":{"allow":["GET"]}}],"collection":[{"href":"https:\/\/elconquistadorredloslagos.cl\/test\/wp-json\/wp\/v2\/posts"}],"about":[{"href":"https:\/\/elconquistadorredloslagos.cl\/test\/wp-json\/wp\/v2\/types\/post"}],"author":[{"embeddable":true,"href":"https:\/\/elconquistadorredloslagos.cl\/test\/wp-json\/wp\/v2\/users\/2"}],"replies":[{"embeddable":true,"href":"https:\/\/elconquistadorredloslagos.cl\/test\/wp-json\/wp\/v2\/comments?post=14453"}],"version-history":[{"count":1,"href":"https:\/\/elconquistadorredloslagos.cl\/test\/wp-json\/wp\/v2\/posts\/14453\/revisions"}],"predecessor-version":[{"id":14455,"href":"https:\/\/elconquistadorredloslagos.cl\/test\/wp-json\/wp\/v2\/posts\/14453\/revisions\/14455"}],"wp:featuredmedia":[{"embeddable":true,"href":"https:\/\/elconquistadorredloslagos.cl\/test\/wp-json\/wp\/v2\/media\/14454"}],"wp:attachment":[{"href":"https:\/\/elconquistadorredloslagos.cl\/test\/wp-json\/wp\/v2\/media?parent=14453"}],"wp:term":[{"taxonomy":"category","embeddable":true,"href":"https:\/\/elconquistadorredloslagos.cl\/test\/wp-json\/wp\/v2\/categories?post=14453"},{"taxonomy":"post_tag","embeddable":true,"href":"https:\/\/elconquistadorredloslagos.cl\/test\/wp-json\/wp\/v2\/tags?post=14453"}],"curies":[{"name":"wp","href":"https:\/\/api.w.org\/{rel}","templated":true}]}}